{"id":1003,"date":"2025-02-04T07:29:00","date_gmt":"2025-02-04T06:29:00","guid":{"rendered":"https:\/\/civitas.ba\/projektgradjanin\/?p=1003"},"modified":"2026-02-26T13:00:27","modified_gmt":"2026-02-26T12:00:27","slug":"digitalni-portfolio","status":"publish","type":"post","link":"https:\/\/civitas.ba\/projektgradjanin\/digitalni-portfolio\/","title":{"rendered":"Digitalni portfolio"},"content":{"rendered":"\n<h3 class=\"wp-block-heading has-text-color\" style=\"color:#6b0692;text-transform:uppercase\">Radni zadatak: Izrada digitalnog portfolija<\/h3>\n\n\n\n<p><strong>Zadatak <\/strong>u\u010denika i u\u010denica je da, <strong>u digitalnom portfoliju<\/strong>,<strong> <\/strong>predstave:<\/p>\n\n\n\n<ul class=\"wp-block-list\">\n<li><strong>problem javne politike <\/strong>koji su istra\u017eivali;<\/li>\n\n\n\n<li><strong>ispitaju sve prednosti i nedostatke<\/strong> postoje\u0107e politike kojom vlast poku\u0161ava rije\u0161iti problem i drugih, alternativnih mjera, koje predla\u017eu razli\u010diti akteri (interesne grupe i udru\u017eenja gra\u0111ana i gra\u0111anki, stru\u010dnjaci i stru\u010dnjakinje, profesionalna udru\u017eenja, opozicija, ni\u017ei nivoi vlasti) ili onih mjera koje predstavljaju rje\u0161enja problema u drugim zajednicma; <\/li>\n\n\n\n<li><strong>predlo\u017ee svoje rje\u0161enje<\/strong> \u2013 novu mjeru javne politike, koju u ovom zadatku zovemo <strong>POLITIKA RAZREDA<\/strong> i za koju u\u010denici i u\u010denice vjeruju da mo\u017ee biti bolje, u\u010dinkovitije\/efikasnije rje\u0161enje problema;<\/li>\n\n\n\n<li>predstave i provedu <strong>plan akcije<\/strong>, kojim \u0107e podi\u0107i svijest javnosti o problemu i osigurati podr\u0161ku \u0161ire javnosti za svoju, novu, predlo\u017eenu mjeru javne politike;<\/li>\n\n\n\n<li><strong>i ono<\/strong> <strong>najva\u017enije<\/strong>: da svoje rje\u0161enje predstave <strong>institucijama nadle\u017enim za predlaganje, usvajanje i provedbu politike<\/strong>, koju zagovaraju kao rje\u0161enje problema.<\/li>\n<\/ul>\n\n\n\n<hr class=\"wp-block-separator has-alpha-channel-opacity\"\/>\n\n\n\n<p class=\"has-drop-cap has-text-color has-medium-font-size\" style=\"color:#da1f4d;font-style:normal;font-weight:800;text-transform:uppercase\"><strong>2 komponente digitalnog portfolija<\/strong><\/p>\n\n\n\n<p>U &#8220;Projekt gra\u0111anin\/Projekat Ja gra\u0111anin&#8221; prakti\u010dnoj nastavi i na njenom problemskom zadatku izrade digitalnog portfolija timski rade svi u\u010denici i u\u010denice jednog razeda\/odjela\/odjeljenja.<\/p>\n\n\n\n<p><\/p>\n\n\n\n<p> Portfolio, u kojem predstavljaju svoj rad, <strong>ima dva dijela<\/strong>:<\/p>\n\n\n\n<ul class=\"wp-block-list\">\n<li><strong>DIO ZA IZLAGANJE i <\/strong><\/li>\n\n\n\n<li><strong>DIO ZA DOKUMENTACIJU.<\/strong><\/li>\n<\/ul>\n\n\n\n<p><strong>Dio za izlaganje<\/strong> je PowerPoint prezentacija, koja ima jedinstven, unaprijed odre\u0111en obrazac (<em>template<\/em>) u koji u\u010denici i u\u010denice unose informacije o svom radu i o problemu svog istra\u017eivanja. U ovom dijelu digitalnog portfolija nalaze se i njihova&nbsp;<strong>snimljena, usmena izlaganja<\/strong>. <\/p>\n\n\n\n<p><strong>Dio za dokumentaciju<\/strong> u\u010denici i u\u010denice kreiraju sami i on treba sadr\u017eavati sve \u0161to su istra\u017eili, nau\u010dili i saznali o problemu. U ovom dijelu digitalnog portfolija su stru\u010dna literatura koju su koristili, medijski \u010dlanci, anketni listi\u0107i, potpisi i pisma podr\u0161ke, E-po\u0161ta koju su razmijenili sa stru\u010dnjacima i stru\u010dnjakinjama, predstavnicima razli\u010ditih institucija vlasti i drugi, relevantni dokazi o svemu \u0161to su naveli u Dijelu za izlaganje. Dokumentacija mo\u017ee biti:<\/p>\n\n\n\n<ul class=\"wp-block-list\">\n<li>PDF dokument s tekstom i fotografijama u kojem su istaknute poveznice&nbsp;<em>(links)<\/em>&nbsp;za video zapise, medijske \u010dlanke i druge online dostupne sadr\u017eaje ili<\/li>\n\n\n\n<li>Folder s materijalima razli\u010ditih formata<\/li>\n<\/ul>\n\n\n\n<p class=\"has-text-color\" style=\"color:#550c6f\"><strong><em>Preuzmite PPT prezentaciju prvog dijela digitalnog portfolija \u2013 Dijela za izlaganje.<\/em><\/strong><\/p>\n\n\n\n<div class=\"wp-block-group\"><div class=\"wp-block-group__inner-container is-layout-constrained wp-block-group-is-layout-constrained\">\n<div class=\"wp-block-columns is-layout-flex wp-container-core-columns-is-layout-9d6595d7 wp-block-columns-is-layout-flex\">\n<div class=\"wp-block-column is-layout-flow wp-block-column-is-layout-flow\">\n<figure class=\"wp-block-image size-large\"><a href=\"https:\/\/docs.google.com\/presentation\/d\/1B4f1m_HeZKA-PwI_BgAE5EFHrUbqRl73\/edit?usp=sharing&amp;ouid=101624157724597770969&amp;rtpof=true&amp;sd=true\" target=\"_blank\" rel=\" noreferrer noopener\"><img loading=\"lazy\" decoding=\"async\" width=\"1024\" height=\"576\" src=\"https:\/\/civitas.ba\/projektgradjanin\/wp-content\/uploads\/2024\/11\/2025-1024x576.jpg\" alt=\"BOSANSKI JEZIK\" class=\"wp-image-1502\" srcset=\"https:\/\/civitas.ba\/projektgradjanin\/wp-content\/uploads\/2024\/11\/2025-1024x576.jpg 1024w, https:\/\/civitas.ba\/projektgradjanin\/wp-content\/uploads\/2024\/11\/2025-300x169.jpg 300w, https:\/\/civitas.ba\/projektgradjanin\/wp-content\/uploads\/2024\/11\/2025-768x432.jpg 768w, https:\/\/civitas.ba\/projektgradjanin\/wp-content\/uploads\/2024\/11\/2025-1536x864.jpg 1536w, https:\/\/civitas.ba\/projektgradjanin\/wp-content\/uploads\/2024\/11\/2025-850x478.jpg 850w, https:\/\/civitas.ba\/projektgradjanin\/wp-content\/uploads\/2024\/11\/2025.jpg 1920w\" sizes=\"auto, (max-width: 1024px) 100vw, 1024px\" \/><\/a><\/figure>\n\n\n\n<div class=\"wp-block-file aligncenter\"><a href=\"https:\/\/civitas.ba\/projektgradjanin\/wp-content\/uploads\/2025\/02\/Obrazac-za-izlozbeni-dio-bosanski-jezik-2025-26-3.pptx\" class=\"wp-block-file__button wp-element-button\" download>Preuzmite &#8211; Bosanski jezik<\/a><\/div>\n<\/div>\n\n\n\n<div class=\"wp-block-column is-layout-flow wp-block-column-is-layout-flow\">\n<figure class=\"wp-block-image size-large\"><a href=\"https:\/\/docs.google.com\/presentation\/d\/1GBCxVFsuzkgHGGQV_ujsfkXZgQTuDODg\/edit?usp=sharing&amp;ouid=101624157724597770969&amp;rtpof=true&amp;sd=true\"><img loading=\"lazy\" decoding=\"async\" width=\"1024\" height=\"576\" src=\"https:\/\/civitas.ba\/projektgradjanin\/wp-content\/uploads\/2024\/11\/hr_2025-1024x576.jpg\" alt=\"HRVATSKI JEZIK\" class=\"wp-image-1507\" srcset=\"https:\/\/civitas.ba\/projektgradjanin\/wp-content\/uploads\/2024\/11\/hr_2025-1024x576.jpg 1024w, https:\/\/civitas.ba\/projektgradjanin\/wp-content\/uploads\/2024\/11\/hr_2025-300x169.jpg 300w, https:\/\/civitas.ba\/projektgradjanin\/wp-content\/uploads\/2024\/11\/hr_2025-768x432.jpg 768w, https:\/\/civitas.ba\/projektgradjanin\/wp-content\/uploads\/2024\/11\/hr_2025-1536x864.jpg 1536w, https:\/\/civitas.ba\/projektgradjanin\/wp-content\/uploads\/2024\/11\/hr_2025-850x478.jpg 850w, https:\/\/civitas.ba\/projektgradjanin\/wp-content\/uploads\/2024\/11\/hr_2025.jpg 1920w\" sizes=\"auto, (max-width: 1024px) 100vw, 1024px\" \/><\/a><\/figure>\n\n\n\n<div class=\"wp-block-file aligncenter\"><a href=\"https:\/\/civitas.ba\/projektgradjanin\/wp-content\/uploads\/2025\/02\/Obrazac-za-izlozbeni-dio-hrvatski-jezik-2026.pptx\" class=\"wp-block-file__button wp-element-button\" download>Preuzmite &#8211; Hrvatski jezik<\/a><\/div>\n<\/div>\n\n\n\n<div class=\"wp-block-column is-layout-flow wp-block-column-is-layout-flow\">\n<figure class=\"wp-block-image size-large\"><a href=\"https:\/\/docs.google.com\/presentation\/d\/1f9p3DP4jZfhbC-dyGjF8lj5wVCcllMvy\/edit?usp=sharing&amp;ouid=101624157724597770969&amp;rtpof=true&amp;sd=true\"><img loading=\"lazy\" decoding=\"async\" width=\"1024\" height=\"576\" src=\"https:\/\/civitas.ba\/projektgradjanin\/wp-content\/uploads\/2023\/03\/sr_2025-1024x576.jpg\" alt=\"SRPSKI JEZIK\" class=\"wp-image-1511\" srcset=\"https:\/\/civitas.ba\/projektgradjanin\/wp-content\/uploads\/2023\/03\/sr_2025-1024x576.jpg 1024w, https:\/\/civitas.ba\/projektgradjanin\/wp-content\/uploads\/2023\/03\/sr_2025-300x169.jpg 300w, https:\/\/civitas.ba\/projektgradjanin\/wp-content\/uploads\/2023\/03\/sr_2025-768x432.jpg 768w, https:\/\/civitas.ba\/projektgradjanin\/wp-content\/uploads\/2023\/03\/sr_2025-1536x864.jpg 1536w, https:\/\/civitas.ba\/projektgradjanin\/wp-content\/uploads\/2023\/03\/sr_2025-850x478.jpg 850w, https:\/\/civitas.ba\/projektgradjanin\/wp-content\/uploads\/2023\/03\/sr_2025.jpg 1920w\" sizes=\"auto, (max-width: 1024px) 100vw, 1024px\" \/><\/a><\/figure>\n\n\n\n<div class=\"wp-block-file aligncenter\"><a href=\"https:\/\/civitas.ba\/projektgradjanin\/wp-content\/uploads\/2025\/02\/\u041e\u0431\u0440\u0430\u0437\u0430\u0446-\u0437\u0430-\u0438\u0437\u043b\u043e\u0436\u0431\u0435\u043d\u0438-\u0434\u0438\u043e-\u0437\u0430-\u0448\u043a\u043e\u043b\u0435-\u0420\u0435\u043f\u0443\u0431\u043b\u0438\u043a\u0435-\u0421\u0440\u043f\u0441\u043a\u0435-2026.pptx\" class=\"wp-block-file__button wp-element-button\" download>\u041f\u0440\u0435\u0443\u0437\u043c\u0438\u0442\u0435  &#8211; \u0421\u0440\u043f\u0441\u043a\u0438 \u0458\u0435\u0437\u0438\u043a<\/a><\/div>\n<\/div>\n<\/div>\n<\/div><\/div>\n\n\n\n<hr class=\"wp-block-separator has-alpha-channel-opacity\"\/>\n\n\n\n<p class=\"has-drop-cap has-text-color has-medium-font-size\" style=\"color:#8b00b5;font-style:normal;font-weight:800;text-transform:uppercase\"><strong>4 cjeline svake komponente<\/strong><\/p>\n\n\n\n<p><strong>I dio za izlaganje i Dio za dokumentaciju imaju po 4 CJELINE za predstavljanje rezultata rada. <\/strong>U<strong> <em>Dijelu za izlaganje<\/em><\/strong> ove su cjeline ozna\u010dene po\u010detnim <em>slide<\/em>-om ljubi\u010daste boje. U<strong> <em>Dijelu za dokumentaciju<\/em><\/strong> istaknute su kao naslovi ili folderi.<\/p>\n\n\n\n<ul class=\"wp-block-list\">\n<li><strong>PRVA CJELINA: OBJA\u0160NJENJE PROBLEMA<\/strong>&nbsp;predstavlja informacije koje su u\u010denici i u\u010denice prikupili o problemu koji istra\u017euju, uklju\u010duju\u0107i zvani\u010dnu statistiku, mi\u0161ljenja struke o uzrocima i posljedicama problema, \u0161tetnim posljedicama koje taj problem ima ili mo\u017ee imati po cijelu zajednicu, prikaz trenda rasta problema i\/ili njegove povezanosti s drugim problemima u zajednici;<\/li>\n\n\n\n<li><strong>DRUGA CJELINA je ANALIZA POLITIKA&nbsp;<\/strong>i predstavlja<strong>&nbsp;prikaz svih prednosti i nedostataka<\/strong>&nbsp;postoje\u0107e&nbsp;<strong>javne politike<\/strong>,&nbsp;kojom vlast poku\u0161ava rije\u0161iti problem i&nbsp;<strong>alternativnih mjera&nbsp;<\/strong>koje predla\u017eu opozicija, interesne grupe gra\u0111ana i gra\u0111anki, organizacije civilnog dru\u0161tva, stru\u010dnjaci i stru\u010dnjakinje, stru\u010dna i profesionalna udru\u017eenja, ali i mjera javne politike koje su za isti problem usvojile i provode druge zajednice;<\/li>\n\n\n\n<li><strong>TRE\u0106A CJELINA: POLITIKA RAZREDA<\/strong>&nbsp;predstavlja&nbsp;<strong>mjeru javne politike<\/strong>&nbsp;koju u\u010denici i u\u010denice predla\u017eu kao rje\u0161enje problema koji su istra\u017eivali. Uz sadr\u017eaj te mjere, trebaju odrediti nivo\/razinu, granu i konkretnu instituciju vlasti nadle\u017enu za usvajanje i provedbu te mjere, kao i izdvajanja iz javnog bud\u017eeta potrebna za njenu realizaciju;<\/li>\n\n\n\n<li><strong>\u010cETVRTA CJELINA: PLAN AKCIJE&nbsp;<\/strong>predstavlja sve aktivnosti koje su u\u010denici i u\u010denice proveli kako bi podigli svijest javnosti o problemu, dobili podr\u0161ku stru\u010dnjaka i stru\u010dnjakinja, razli\u010ditih javnih ustanova i \u0161ire javnosti (gra\u0111ana i gra\u0111anki), te kako su tu podr\u0161ku koristili da svoj prijedlog nove mjere javne politike predstave instituciji\/ama nadle\u017enim za njeno usvajanje i provedbu.<\/li>\n<\/ul>\n\n\n\n<hr class=\"wp-block-separator has-alpha-channel-opacity\"\/>\n\n\n\n<blockquote class=\"wp-block-quote has-background is-layout-flow wp-block-quote-is-layout-flow\" style=\"background-color:#f9f9f9\">\n<h3 class=\"wp-block-heading has-text-color\" style=\"color:#6f0598;text-transform:uppercase\">USMENE PREZENTACIJE<\/h3>\n<cite>Snimaju ih po <strong>2 u\u010denika\/u\u010denice za svaku cjelinu<\/strong>, \u0161to je ukupno <strong>8 u\u010denika i u\u010denica za jedan digitalni portfolio<\/strong>. Vremensko trajanje ovih prezentacija je <strong>4 minute za svaku cjelinu<\/strong>. To vrijeme dva u\u010denika\/u\u010denice koji\/e izla\u017eu tu cjelinu proporcionalno dijele na <strong>2 x 2 minute<\/strong>. <\/cite><\/blockquote>\n\n\n\n<hr class=\"wp-block-separator has-alpha-channel-opacity\"\/>\n\n\n\n<ul class=\"wp-block-list\">\n<li>PREUZMITE SMJERNICE ZA RAD NA DIGITALNOM PORTFOLIJU<\/li>\n<\/ul>\n\n\n\n<figure class=\"wp-block-gallery has-nested-images columns-default is-cropped wp-block-gallery-1 is-layout-flex wp-block-gallery-is-layout-flex\">\n<figure class=\"wp-block-image size-large\"><a href=\"https:\/\/fliphtml5.com\/tnwqt\/twmb\" target=\"_blank\" rel=\"noreferrer noopener\"><img loading=\"lazy\" decoding=\"async\" width=\"1024\" height=\"757\" data-id=\"1131\" src=\"https:\/\/civitas.ba\/projektgradjanin\/wp-content\/uploads\/2023\/03\/My-mockup-161-from-Poster-Design-Mockups-1-1024x757.jpg\" alt=\"\" class=\"wp-image-1131\" srcset=\"https:\/\/civitas.ba\/projektgradjanin\/wp-content\/uploads\/2023\/03\/My-mockup-161-from-Poster-Design-Mockups-1-1024x757.jpg 1024w, https:\/\/civitas.ba\/projektgradjanin\/wp-content\/uploads\/2023\/03\/My-mockup-161-from-Poster-Design-Mockups-1-300x222.jpg 300w, https:\/\/civitas.ba\/projektgradjanin\/wp-content\/uploads\/2023\/03\/My-mockup-161-from-Poster-Design-Mockups-1-768x568.jpg 768w, https:\/\/civitas.ba\/projektgradjanin\/wp-content\/uploads\/2023\/03\/My-mockup-161-from-Poster-Design-Mockups-1-1536x1136.jpg 1536w, https:\/\/civitas.ba\/projektgradjanin\/wp-content\/uploads\/2023\/03\/My-mockup-161-from-Poster-Design-Mockups-1-2048x1514.jpg 2048w, https:\/\/civitas.ba\/projektgradjanin\/wp-content\/uploads\/2023\/03\/My-mockup-161-from-Poster-Design-Mockups-1-850x629.jpg 850w\" sizes=\"auto, (max-width: 1024px) 100vw, 1024px\" \/><\/a><figcaption class=\"wp-element-caption\"><strong><mark style=\"background-color:rgba(0, 0, 0, 0)\" class=\"has-inline-color has-white-color\">       <a href=\"https:\/\/fliphtml5.com\/tnwqt\/twmb\" target=\"_blank\" rel=\"noreferrer noopener\"> BOSANSKI JEZIK <\/a>      <\/mark><\/strong><\/figcaption><\/figure>\n\n\n\n<figure class=\"wp-block-image size-large\"><a href=\"https:\/\/fliphtml5.com\/tnwqt\/axyk\" target=\"_blank\" rel=\"noreferrer noopener\"><img loading=\"lazy\" decoding=\"async\" width=\"1024\" height=\"757\" data-id=\"1132\" src=\"https:\/\/civitas.ba\/projektgradjanin\/wp-content\/uploads\/2023\/03\/My-mockup-162-from-Poster-Design-Mockups-2-1-1024x757.jpg\" alt=\"\" class=\"wp-image-1132\" srcset=\"https:\/\/civitas.ba\/projektgradjanin\/wp-content\/uploads\/2023\/03\/My-mockup-162-from-Poster-Design-Mockups-2-1-1024x757.jpg 1024w, https:\/\/civitas.ba\/projektgradjanin\/wp-content\/uploads\/2023\/03\/My-mockup-162-from-Poster-Design-Mockups-2-1-300x222.jpg 300w, https:\/\/civitas.ba\/projektgradjanin\/wp-content\/uploads\/2023\/03\/My-mockup-162-from-Poster-Design-Mockups-2-1-768x568.jpg 768w, https:\/\/civitas.ba\/projektgradjanin\/wp-content\/uploads\/2023\/03\/My-mockup-162-from-Poster-Design-Mockups-2-1-1536x1136.jpg 1536w, https:\/\/civitas.ba\/projektgradjanin\/wp-content\/uploads\/2023\/03\/My-mockup-162-from-Poster-Design-Mockups-2-1-2048x1514.jpg 2048w, https:\/\/civitas.ba\/projektgradjanin\/wp-content\/uploads\/2023\/03\/My-mockup-162-from-Poster-Design-Mockups-2-1-850x629.jpg 850w\" sizes=\"auto, (max-width: 1024px) 100vw, 1024px\" \/><\/a><figcaption class=\"wp-element-caption\"><strong>        <a href=\"https:\/\/fliphtml5.com\/tnwqt\/axyk\" target=\"_blank\" rel=\"noreferrer noopener\">HRVATSKI JEZIK<\/a>       <\/strong><\/figcaption><\/figure>\n\n\n\n<figure class=\"wp-block-image size-large\"><a href=\"https:\/\/online.fliphtml5.com\/tnwqt\/igdt\/#p=1\" target=\"_blank\" rel=\"noreferrer noopener\"><img loading=\"lazy\" decoding=\"async\" width=\"1024\" height=\"757\" data-id=\"1133\" src=\"https:\/\/civitas.ba\/projektgradjanin\/wp-content\/uploads\/2023\/03\/My-mockup-163-from-Poster-Design-Mockups-1-1-1024x757.jpg\" alt=\"\" class=\"wp-image-1133\" srcset=\"https:\/\/civitas.ba\/projektgradjanin\/wp-content\/uploads\/2023\/03\/My-mockup-163-from-Poster-Design-Mockups-1-1-1024x757.jpg 1024w, https:\/\/civitas.ba\/projektgradjanin\/wp-content\/uploads\/2023\/03\/My-mockup-163-from-Poster-Design-Mockups-1-1-300x222.jpg 300w, https:\/\/civitas.ba\/projektgradjanin\/wp-content\/uploads\/2023\/03\/My-mockup-163-from-Poster-Design-Mockups-1-1-768x568.jpg 768w, https:\/\/civitas.ba\/projektgradjanin\/wp-content\/uploads\/2023\/03\/My-mockup-163-from-Poster-Design-Mockups-1-1-1536x1136.jpg 1536w, https:\/\/civitas.ba\/projektgradjanin\/wp-content\/uploads\/2023\/03\/My-mockup-163-from-Poster-Design-Mockups-1-1-2048x1514.jpg 2048w, https:\/\/civitas.ba\/projektgradjanin\/wp-content\/uploads\/2023\/03\/My-mockup-163-from-Poster-Design-Mockups-1-1-850x629.jpg 850w\" sizes=\"auto, (max-width: 1024px) 100vw, 1024px\" \/><\/a><figcaption class=\"wp-element-caption\"><mark style=\"background-color:rgba(0, 0, 0, 0)\" class=\"has-inline-color has-white-color\">  <strong>      <a rel=\"noreferrer noopener\" href=\"https:\/\/online.fliphtml5.com\/tnwqt\/igdt\/#p=1\" target=\"_blank\">\u0421\u0420\u041f\u0421\u041a\u0418 \u0408\u0415\u0417\u0418\u041a<\/a><a rel=\"noreferrer noopener\" href=\"https:\/\/fliphtml5.com\/tnwqt\/tdge\" target=\"_blank\"> <\/a>      <\/strong><\/mark><\/figcaption><\/figure>\n<\/figure>\n","protected":false},"excerpt":{"rendered":"<p>Radni zadatak: Izrada digitalnog portfolija Zadatak u\u010denika i u\u010denica je da, u digitalnom portfoliju, predstave: 2 komponente digitalnog portfolija U &#8220;Projekt gra\u0111anin\/Projekat Ja gra\u0111anin&#8221; prakti\u010dnoj nastavi i na njenom problemskom zadatku izrade digitalnog portfolija timski rade svi u\u010denici i u\u010denice jednog razeda\/odjela\/odjeljenja. Portfolio, u kojem predstavljaju svoj rad, ima dva dijela: Dio za izlaganje je&#8230;<\/p>\n","protected":false},"author":3,"featured_media":0,"comment_status":"closed","ping_status":"closed","sticky":false,"template":"","format":"standard","meta":{"footnotes":""},"categories":[1],"tags":[],"class_list":["post-1003","post","type-post","status-publish","format-standard","hentry","category-novosti"],"_links":{"self":[{"href":"https:\/\/civitas.ba\/projektgradjanin\/wp-json\/wp\/v2\/posts\/1003","targetHints":{"allow":["GET"]}}],"collection":[{"href":"https:\/\/civitas.ba\/projektgradjanin\/wp-json\/wp\/v2\/posts"}],"about":[{"href":"https:\/\/civitas.ba\/projektgradjanin\/wp-json\/wp\/v2\/types\/post"}],"author":[{"embeddable":true,"href":"https:\/\/civitas.ba\/projektgradjanin\/wp-json\/wp\/v2\/users\/3"}],"replies":[{"embeddable":true,"href":"https:\/\/civitas.ba\/projektgradjanin\/wp-json\/wp\/v2\/comments?post=1003"}],"version-history":[{"count":0,"href":"https:\/\/civitas.ba\/projektgradjanin\/wp-json\/wp\/v2\/posts\/1003\/revisions"}],"wp:attachment":[{"href":"https:\/\/civitas.ba\/projektgradjanin\/wp-json\/wp\/v2\/media?parent=1003"}],"wp:term":[{"taxonomy":"category","embeddable":true,"href":"https:\/\/civitas.ba\/projektgradjanin\/wp-json\/wp\/v2\/categories?post=1003"},{"taxonomy":"post_tag","embeddable":true,"href":"https:\/\/civitas.ba\/projektgradjanin\/wp-json\/wp\/v2\/tags?post=1003"}],"curies":[{"name":"wp","href":"https:\/\/api.w.org\/{rel}","templated":true}]}}