{"id":1082,"date":"2023-03-04T14:53:42","date_gmt":"2023-03-04T13:53:42","guid":{"rendered":"https:\/\/civitas.ba\/projektgradjanin\/?p=1082"},"modified":"2023-05-15T20:13:10","modified_gmt":"2023-05-15T18:13:10","slug":"za-rad-u-odjeljenju","status":"publish","type":"post","link":"https:\/\/civitas.ba\/projektgradjanin\/za-rad-u-odjeljenju\/","title":{"rendered":"Rad u odjeljenju"},"content":{"rendered":"\n<p class=\"has-drop-cap has-text-color has-medium-font-size\" style=\"color:#7101a5;font-style:normal;font-weight:500;text-transform:none\"><strong><strong>6 KORAKA PRAKTI\u010cNE NASTAVE<\/strong><\/strong><\/p>\n\n\n\n<p>Svaki od 6 koraka prakti\u010dne nastave predstavlja specifi\u010dan zadatak, kojem u\u010denici i u\u010denice jednog odjeljenja\/razrednog odjela pristupaju individualno, u paru ili u manjim radnim grupama\/skupinama. <\/p>\n\n\n\n<p>Za uspjeh je nu\u017eno da rade timski, poma\u017eu i podr\u017eavaju jedni druge, kriti\u010dki promi\u0161ljaju i pravovremeno razmjenjuju informacije, zajedni\u010dki iznalaze i javno zagovaraju nova rje\u0161enja za probleme koje su prepoznali u svojim lokalnim zajednicama.<\/p>\n\n\n\n<hr class=\"wp-block-separator has-alpha-channel-opacity\"\/>\n\n\n\n<p class=\"has-drop-cap has-text-color has-medium-font-size\" style=\"color:#7a2eb0\"><strong>1 PRVI KORAK<\/strong><\/p>\n\n\n\n<p>U prvom koraku &#8220;Projekt gra\u0111anin\/Projekat Ja gra\u0111anin&#8221; prakti\u010dne nastave, u\u010denici i u\u010denice analiziraju razli\u010dite probleme u zajednici, individualno, u paru ili u manjim radnim grupama\/skupinama.  <\/p>\n\n\n\n<p><\/p>\n\n\n\n<p>Za doma\u0107i zadatak, o problemima u zajednici, razgovaraju s vr\u0161njacima i starijim osobama u svom okru\u017eenju, \u010ditaju dnevne vijesti i analiziraju \u0161to mediji govore o stanju i prilikama u njihovoj zajednici. <\/p>\n\n\n\n<p>Uo\u010davaju razli\u010dite probleme i za svaki trebaju odrediti: <\/p>\n\n\n\n<ul class=\"wp-block-list\">\n<li>da li je to problem javne politike, <\/li>\n\n\n\n<li>postoji li mjera kojom vlast poku\u0161ava rije\u0161iti problem, <\/li>\n\n\n\n<li>postoje li u zajednici neslaganja po pitanju toga da li je mjera koju je vlast donijela najbolje rje\u0161enje problema, te <\/li>\n\n\n\n<li>\u0161to su uzroci problema i koje sve posljedice problem ima ili mo\u017ee imati po cijelu zajednicu.<\/li>\n<\/ul>\n\n\n\n<p class=\"has-drop-cap has-text-color has-medium-font-size\" style=\"color:#7a2eb0\"><strong>2 DRUGI KORAK <\/strong><\/p>\n\n\n\n<p>U drugom koraku, u\u010denici i u\u010denice predstavlju odjeljenju sve probleme koje su uo\u010dili i zajedno biraju jedan <strong><em>problem koji \u0107e zajedno istra\u017eivati<\/em><\/strong>. Nu\u017eno je da to bude <strong>problem javne politike<\/strong>. <\/p>\n\n\n\n<p>Pogledajte <strong><a href=\"https:\/\/civitas.ba\/projektgradjanin\/pojmovnik\/\">POJMOVNIK<\/a><\/strong> kako biste lak\u0161e odredili \u0161to je to javna politika, odnosno problem javne politike ili koristite upitnik u Smjernicama za rad.<\/p>\n\n\n\n<p><\/p>\n\n\n\n<p class=\"has-drop-cap has-text-color has-medium-font-size\" style=\"color:#7a2eb0\"><strong>3 TRE\u0106I KORAK <\/strong><\/p>\n\n\n\n<p>U tre\u0107em koraku, odjeljenje prikuplja <strong>informacije o problemu<\/strong>. Razgovaraju sa stru\u010dnjacima i stru\u010dnjakinjama, predstavnicima institucija vlasti, vladinim agencijama i nevladinim organizacijama. <\/p>\n\n\n\n<p>U istra\u017eivanju, u\u010denici i u\u010denice, nastoje do\u0107i do \u0161to vi\u0161e podataka o problemu, postoje\u0107oj politici kojom vlast poku\u0161ava rije\u0161iti problem i o alternativnim mjerama koje zagovaraju razli\u010dite interesne grupe. Za istra\u017eivanje problema u\u010denici provode ankete i druga ispitivanja stavova i mi\u0161ljanja sugra\u0111ana i sugra\u0111anki. <\/p>\n\n\n\n<p>U istra\u017eivanju se koriste novim tehnologijama i razli\u010ditim digitalnim alatima, a jedan od na\u010dina prikazan je u materijalu <em><strong>Smjernice za rad u\u010denika i u\u010denica u prakti\u010dnoj nastavi.<\/strong><\/em><\/p>\n\n\n\n<hr class=\"wp-block-separator has-alpha-channel-opacity\"\/>\n\n\n\n<p>Za prikupljanje i organizaciju prikupljenih informacija, u izradi digitalnog portfolija, u\u010denici i u\u010denice trebaju pratiti Smjernica za rad, koje su dostupne na <a href=\"https:\/\/online.flippingbook.com\/view\/177006280\/\">bosanskom<\/a>, <a href=\"https:\/\/online.flippingbook.com\/view\/176541829\/\">hrvatskom<\/a> i <a href=\"https:\/\/online.flippingbook.com\/view\/177185305\/\">srpskom jeziku<\/a>.  <em>Kliknite na jezi\u010dnu varijantu koju \u017eelite pregledati.<\/em><\/p>\n\n\n\n<figure class=\"wp-block-gallery has-nested-images columns-default is-cropped wp-block-gallery-1 is-layout-flex wp-block-gallery-is-layout-flex\">\n<figure class=\"wp-block-image size-large\"><a href=\"https:\/\/fliphtml5.com\/tnwqt\/twmb\" target=\"_blank\" rel=\"noreferrer noopener\"><img loading=\"lazy\" decoding=\"async\" width=\"1024\" height=\"757\" data-id=\"1107\" src=\"https:\/\/civitas.ba\/projektgradjanin\/wp-content\/uploads\/2023\/03\/My-mockup-161-from-Poster-Design-Mockups-1024x757.jpg\" alt=\"\" class=\"wp-image-1107\" srcset=\"https:\/\/civitas.ba\/projektgradjanin\/wp-content\/uploads\/2023\/03\/My-mockup-161-from-Poster-Design-Mockups-1024x757.jpg 1024w, https:\/\/civitas.ba\/projektgradjanin\/wp-content\/uploads\/2023\/03\/My-mockup-161-from-Poster-Design-Mockups-300x222.jpg 300w, https:\/\/civitas.ba\/projektgradjanin\/wp-content\/uploads\/2023\/03\/My-mockup-161-from-Poster-Design-Mockups-768x568.jpg 768w, https:\/\/civitas.ba\/projektgradjanin\/wp-content\/uploads\/2023\/03\/My-mockup-161-from-Poster-Design-Mockups-1536x1136.jpg 1536w, https:\/\/civitas.ba\/projektgradjanin\/wp-content\/uploads\/2023\/03\/My-mockup-161-from-Poster-Design-Mockups-2048x1514.jpg 2048w, https:\/\/civitas.ba\/projektgradjanin\/wp-content\/uploads\/2023\/03\/My-mockup-161-from-Poster-Design-Mockups-850x629.jpg 850w\" sizes=\"auto, (max-width: 1024px) 100vw, 1024px\" \/><\/a><figcaption class=\"wp-element-caption\"><strong><a href=\"https:\/\/fliphtml5.com\/tnwqt\/twmb\" target=\"_blank\" rel=\"noreferrer noopener\">BOSANSKI JEZIK<\/a><\/strong><\/figcaption><\/figure>\n\n\n\n<figure class=\"wp-block-image size-large\"><a href=\"https:\/\/fliphtml5.com\/tnwqt\/axyk\" target=\"_blank\" rel=\"noreferrer noopener\"><img loading=\"lazy\" decoding=\"async\" width=\"1024\" height=\"757\" data-id=\"1105\" src=\"https:\/\/civitas.ba\/projektgradjanin\/wp-content\/uploads\/2023\/03\/My-mockup-162-from-Poster-Design-Mockups-2-1024x757.jpg\" alt=\"\" class=\"wp-image-1105\" srcset=\"https:\/\/civitas.ba\/projektgradjanin\/wp-content\/uploads\/2023\/03\/My-mockup-162-from-Poster-Design-Mockups-2-1024x757.jpg 1024w, https:\/\/civitas.ba\/projektgradjanin\/wp-content\/uploads\/2023\/03\/My-mockup-162-from-Poster-Design-Mockups-2-300x222.jpg 300w, https:\/\/civitas.ba\/projektgradjanin\/wp-content\/uploads\/2023\/03\/My-mockup-162-from-Poster-Design-Mockups-2-768x568.jpg 768w, https:\/\/civitas.ba\/projektgradjanin\/wp-content\/uploads\/2023\/03\/My-mockup-162-from-Poster-Design-Mockups-2-1536x1136.jpg 1536w, https:\/\/civitas.ba\/projektgradjanin\/wp-content\/uploads\/2023\/03\/My-mockup-162-from-Poster-Design-Mockups-2-2048x1514.jpg 2048w, https:\/\/civitas.ba\/projektgradjanin\/wp-content\/uploads\/2023\/03\/My-mockup-162-from-Poster-Design-Mockups-2-850x629.jpg 850w\" sizes=\"auto, (max-width: 1024px) 100vw, 1024px\" \/><\/a><figcaption class=\"wp-element-caption\"><strong><a href=\"https:\/\/fliphtml5.com\/tnwqt\/axyk\" target=\"_blank\" rel=\"noreferrer noopener\">HRVATSKI JEZIK<\/a><\/strong><\/figcaption><\/figure>\n\n\n\n<figure class=\"wp-block-image size-large\"><a href=\"https:\/\/online.fliphtml5.com\/tnwqt\/igdt\/#p=1\" target=\"_blank\" rel=\"noreferrer noopener\"><img loading=\"lazy\" decoding=\"async\" width=\"1024\" height=\"757\" data-id=\"1104\" src=\"https:\/\/civitas.ba\/projektgradjanin\/wp-content\/uploads\/2023\/03\/My-mockup-163-from-Poster-Design-Mockups-1-1024x757.jpg\" alt=\"\" class=\"wp-image-1104\" srcset=\"https:\/\/civitas.ba\/projektgradjanin\/wp-content\/uploads\/2023\/03\/My-mockup-163-from-Poster-Design-Mockups-1-1024x757.jpg 1024w, https:\/\/civitas.ba\/projektgradjanin\/wp-content\/uploads\/2023\/03\/My-mockup-163-from-Poster-Design-Mockups-1-300x222.jpg 300w, https:\/\/civitas.ba\/projektgradjanin\/wp-content\/uploads\/2023\/03\/My-mockup-163-from-Poster-Design-Mockups-1-768x568.jpg 768w, https:\/\/civitas.ba\/projektgradjanin\/wp-content\/uploads\/2023\/03\/My-mockup-163-from-Poster-Design-Mockups-1-1536x1136.jpg 1536w, https:\/\/civitas.ba\/projektgradjanin\/wp-content\/uploads\/2023\/03\/My-mockup-163-from-Poster-Design-Mockups-1-2048x1514.jpg 2048w, https:\/\/civitas.ba\/projektgradjanin\/wp-content\/uploads\/2023\/03\/My-mockup-163-from-Poster-Design-Mockups-1-850x629.jpg 850w\" sizes=\"auto, (max-width: 1024px) 100vw, 1024px\" \/><\/a><figcaption class=\"wp-element-caption\"><strong><a href=\"https:\/\/online.fliphtml5.com\/tnwqt\/igdt\/#p=1\" target=\"_blank\" rel=\"noreferrer noopener\">SRPSKI JEZIK<\/a><\/strong><\/figcaption><\/figure>\n<\/figure>\n\n\n\n<hr class=\"wp-block-separator has-alpha-channel-opacity\"\/>\n\n\n\n<p class=\"has-drop-cap has-text-color has-medium-font-size\" style=\"color:#7a2eb0\"><strong>4 \u010cETVRTI KORAK <\/strong><\/p>\n\n\n\n<p>U \u010detvrtom koraku, u\u010denici i u\u010denice pristupaju <strong>izradi digitalnog portfolija <\/strong>u kojem \u0107e predstaviti rezultate svog istra\u017eivanja, sve \u0161to su nau\u010dili i saznali o problemu koji istra\u017euju, javnoj politici koja ga ure\u0111uje i alternativnim mjerama.  <\/p>\n\n\n\n<p>U digitalnom portfoliju odjeljenje \u0107e predstaviti i <strong>svoje rje\u0161enje problema<\/strong> &#8211; mjeru javne politike koju oni predla\u017eu kao bolji, u\u010dinkovitiji\/efikasniji odgovor na problem i vide kao na\u010din uspje\u0161ne borbe protiv problema, koji su istra\u017eivali. <\/p>\n\n\n\n<p>Digitalni portfolio, koji \u0107e u\u010denici predstaviti kao rezultat svoga rada, ima <strong>2 dijela<\/strong>: <strong><em>Dio za izlaganje<\/em><\/strong> i <strong>Dio za dokumentaciju<\/strong>. <strong>Svaki dio ima<\/strong> <strong>4 cjeline<\/strong>. Prva cjelina predstavlja <strong>analizu problema<\/strong>, druga va\u017ee\u0107u <strong>javnu politiku i alternativne mjere<\/strong>, tre\u0107a cjelina <strong>Politiku razreda<\/strong> &#8211; mjeru koju, kao rje\u0161enje problema, predla\u017eu u\u010denici i u\u010denice, a \u010detvrta cjelina je <strong>Plan akcije<\/strong> u kojem su predstavljene aktivnosti u\u010denika i u\u010denica u zagovaranju rje\u0161enja koje vide kao najbolji odgovor na problem.<\/p>\n\n\n\n<p>Za vi\u0161e informacija posjetite sekciju\/poddomenu <strong><a href=\"https:\/\/civitas.ba\/projektgradjanin\/digitalni-portfolio\/\">Digitalni portfolio<\/a><\/strong>. <\/p>\n\n\n\n<p><\/p>\n\n\n\n<p><\/p>\n\n\n\n<p class=\"has-drop-cap has-text-color has-medium-font-size\" style=\"color:#7a2eb0\"><strong>5 PETI KORAK <\/strong><\/p>\n\n\n\n<p>U petom koraku, za svaku od 4 cjeline digitalnog portfolija, biraju se po <strong>2 u\u010denika\/u\u010denice<\/strong> koji \u0107e izlo\u017eiti zaklju\u010dke i druge rezultate rada za tu cjelinu. To zna\u010di da \u0107e digitalni portfolio izlagati\/predstavljati ukupno <strong>8 u\u010denika i u\u010denica<\/strong>.<\/p>\n\n\n\n<p>Vrijeme izlaganja ograni\u010deno je na <strong><em>4 minute za svaku cjelinu<\/em><\/strong>. Dva u\u010denika\/u\u010denice, koji izla\u017eu istu cjelinu, vrijeme proporcionalno dijele na 2 x 2 minute. To zna\u010di da je ukupno vrijeme za izlaganje jednog digitalnog portfolija <strong><em>16 minuta<\/em><\/strong>. <\/p>\n\n\n\n<p>Svoja izlaganja u\u010denici i u\u010denice \u0107e <strong>snimiti i postaviti u Dio za izlaganje <\/strong>digitalnog portfolija (PPT prezentaciju) kao <\/p>\n\n\n\n<ul class=\"wp-block-list\">\n<li>jedan video u trajanju od 4 minute, u kojem govore dva u\u010denika\/u\u010denice ili <\/li>\n\n\n\n<li>2 videa, svaki u trajanju od po 2 minute i sa po jednim govornikom\/govornicom.  <\/li>\n<\/ul>\n\n\n\n<p><\/p>\n\n\n\n<p class=\"has-drop-cap has-text-color has-medium-font-size\" style=\"color:#7a2eb0\"><strong>6 \u0160ESTI KORAK <\/strong><\/p>\n\n\n\n<p>\u0160esti korak \u010dini <strong><em>Osvrt na nau\u010deno<\/em><\/strong>. Svoje osvrte u radu na digitalnom portfoliju, ste\u010dena nova znanja i razvijene vje\u0161tine u\u010denici pi\u0161u <strong>individualno i pohranjuju u Dio za dokumentaciju<\/strong> digitalnog portfolija na kojem rade. <\/p>\n\n\n\n<p>Sa\u017eetak svih osvrta unose <strong>na posljednju stranicu PPT prezentacije &#8211; Dijela za izlaganje<\/strong> njihovog digitalnog portfolija. Za ovaj, doupnjeni, peti dio\/sekciju digitalnog portfolija ne\u0107e se snimati izlaganje. <\/p>\n\n\n\n<p><\/p>\n\n\n\n<hr class=\"wp-block-separator has-alpha-channel-opacity\"\/>\n","protected":false},"excerpt":{"rendered":"<p>6 KORAKA PRAKTI\u010cNE NASTAVE Svaki od 6 koraka prakti\u010dne nastave predstavlja specifi\u010dan zadatak, kojem u\u010denici i u\u010denice jednog odjeljenja\/razrednog odjela pristupaju individualno, u paru ili u manjim radnim grupama\/skupinama. Za uspjeh je nu\u017eno da rade timski, poma\u017eu i podr\u017eavaju jedni druge, kriti\u010dki promi\u0161ljaju i pravovremeno razmjenjuju informacije, zajedni\u010dki iznalaze i javno zagovaraju nova rje\u0161enja za&#8230;<\/p>\n","protected":false},"author":3,"featured_media":0,"comment_status":"closed","ping_status":"closed","sticky":false,"template":"","format":"standard","meta":{"footnotes":""},"categories":[1],"tags":[],"class_list":["post-1082","post","type-post","status-publish","format-standard","hentry","category-novosti"],"_links":{"self":[{"href":"https:\/\/civitas.ba\/projektgradjanin\/wp-json\/wp\/v2\/posts\/1082","targetHints":{"allow":["GET"]}}],"collection":[{"href":"https:\/\/civitas.ba\/projektgradjanin\/wp-json\/wp\/v2\/posts"}],"about":[{"href":"https:\/\/civitas.ba\/projektgradjanin\/wp-json\/wp\/v2\/types\/post"}],"author":[{"embeddable":true,"href":"https:\/\/civitas.ba\/projektgradjanin\/wp-json\/wp\/v2\/users\/3"}],"replies":[{"embeddable":true,"href":"https:\/\/civitas.ba\/projektgradjanin\/wp-json\/wp\/v2\/comments?post=1082"}],"version-history":[{"count":0,"href":"https:\/\/civitas.ba\/projektgradjanin\/wp-json\/wp\/v2\/posts\/1082\/revisions"}],"wp:attachment":[{"href":"https:\/\/civitas.ba\/projektgradjanin\/wp-json\/wp\/v2\/media?parent=1082"}],"wp:term":[{"taxonomy":"category","embeddable":true,"href":"https:\/\/civitas.ba\/projektgradjanin\/wp-json\/wp\/v2\/categories?post=1082"},{"taxonomy":"post_tag","embeddable":true,"href":"https:\/\/civitas.ba\/projektgradjanin\/wp-json\/wp\/v2\/tags?post=1082"}],"curies":[{"name":"wp","href":"https:\/\/api.w.org\/{rel}","templated":true}]}}