{"id":1387,"date":"2023-05-17T01:19:39","date_gmt":"2023-05-16T23:19:39","guid":{"rendered":"https:\/\/civitas.ba\/projektgradjanin\/?p=1387"},"modified":"2023-05-18T01:08:02","modified_gmt":"2023-05-17T23:08:02","slug":"finalna-smotra-pobjednika-2023","status":"publish","type":"post","link":"https:\/\/civitas.ba\/projektgradjanin\/finalna-smotra-pobjednika-2023\/","title":{"rendered":"Finalna smotra pobjednika"},"content":{"rendered":"\n<p>Po\u0161tovani i po\u0161tovane,<br>predstavljamo vam vodi\u010d za u\u010desnike i u\u010desnice \/ sudionike i sudionice \u201cProjekt gra\u0111anin\/\u0408\u0430 \u0433\u0440\u0430\u0452\u0430\u043d\u0438\u043d\u201c Finalne smotre pobjedni\u010dkih timova 2023.<\/p>\n\n\n\n<p class=\"has-white-color has-text-color has-background has-small-font-size\" style=\"background:linear-gradient(231deg,rgb(255,203,112) 11%,rgb(199,81,192) 55%,rgb(65,88,208) 100%)\"><strong>ZA PREGLED BILTENA SMOTRE, KLIKNITE <a href=\"https:\/\/online.fliphtml5.com\/tnwqt\/glrm\/\" target=\"_blank\" rel=\"noreferrer noopener\">OVDJE.<\/a><\/strong><\/p>\n\n\n\n<figure class=\"wp-block-video\"><video height=\"480\" style=\"aspect-ratio: 848 \/ 480;\" width=\"848\" controls poster=\"https:\/\/civitas.ba\/projektgradjanin\/wp-content\/uploads\/2023\/05\/Screenshot-112.png\" src=\"https:\/\/civitas.ba\/projektgradjanin\/wp-content\/uploads\/2023\/05\/WhatsApp-Video-2023-05-17-at-00.21.03.mp4\" playsinline><\/video><\/figure>\n\n\n\n<h2 class=\"wp-block-heading has-text-color has-large-font-size\" style=\"color:#6f0c99;font-style:normal;font-weight:700\"><strong>10 autobusa vanredne linije <\/strong><\/h2>\n\n\n\n<p>Potrudili smo se rute organizirati na na\u010din da ne kru\u017eite i da se vozite na najkra\u0107em mogu\u0107em pravcu. Na\u017ealost, stanje na putevima je tako da vas nismo mogli po\u0161tedjeti ranog ustajanja. Potrebno je da planiramo polazak ne\u0161to ranije i zbog mogu\u0107ih padavina, poplava, ali i zbog toga \u0161to ovaj put u zgradu Parlamentarne skup\u0161tine BiH ulazimo radnim danom, \u0161to zna\u010di da \u0107e provjere ulaska biti ne\u0161to stro\u017eije.<\/p>\n\n\n\n<p><strong>Za stanice smo planirali va\u0161e \u0161kole.<\/strong> Ako \u0161kola nema dobar pristup, u dogovoru s nastavnikom\/icom, za stanice smo odredili najbli\u017ea gradska stajali\u0161ta. Iz sigurnosnih razloga, na na\u0161oj web stranici i dru\u0161tvenim mre\u017eama na\u0107i \u0107ete samo podatke o ruti prevoza. Nastavnicima \u0107e biti dostavljene informacije o konkretnim stanicama, satnicama, podaci o prevozniku, koji uklju\u010duju i ime voza\u010da i njegov broj telefona. Svaki nastavnik\/nastavnica \u0107e dobiti i pregled svih podataka o putnicima u autobusu. Ti podaci uklju\u010duju imena i brojeve telefona drugih nastavnika\/ica, imena u\u010denika\/ica i brojeve telefona njihovih roditelja. <strong>Ovi podaci su strogo povjerljivi<\/strong> i mogu se koristiti samo u slu\u010daju da:<\/p>\n\n\n\n<ul class=\"wp-block-list\">\n<li>ne mo\u017eete dobiti voza\u010da, pa zovete kolegicu\/kolegu da provjerite da li \u0107e biti ka\u0161njenja, ukoliko niste prva stanica svoje rute ili obratno, zovete jer ste primjetili ka\u0161njenje i \u017eelite obavijestiti kolege i njihove u\u010denike da ne \u010dekaju predugo na ulici;<\/li>\n\n\n\n<li>u slu\u010daju da je iz sigurnosnih i zdravstvenih razloga potrebno pozvati roditelje nekog djeteta iz autobusa kojim se prevozite, a da to nije u mogu\u0107nosti u\u010diniti njegov\/njen nastavnik ili nastavnica.<\/li>\n<\/ul>\n\n\n\n<p>Molimo sve nastavnike da ove podatke ne proslije\u0111uju ni u\u010denicima, roditeljima, a onda logi\u010dno ni bilo kome drugo, ve\u0107 ih zadr\u017ee za sebe i koriste samo u slu\u010daju da je nu\u017eno. U\u010denike i roditelje trebate upoznati tek s konkretnom stanicom i vremenom polaska va\u0161e ekipe.<\/p>\n\n\n\n<figure class=\"wp-block-video\"><video height=\"480\" style=\"aspect-ratio: 848 \/ 480;\" width=\"848\" controls poster=\"https:\/\/civitas.ba\/projektgradjanin\/wp-content\/uploads\/2023\/05\/Screenshot-113.png\" src=\"https:\/\/civitas.ba\/projektgradjanin\/wp-content\/uploads\/2023\/05\/WhatsApp-Video-2023-05-17-at-00.21.21.mp4\" playsinline><\/video><\/figure>\n\n\n\n<h2 class=\"wp-block-heading has-text-color has-large-font-size\" style=\"color:#6f0c99;font-style:normal;font-weight:700\"><strong>Dolazak u Sarajevo<\/strong><\/h2>\n\n\n\n<p>Po dolasku u Sarajevo dolazite ispred Parlamentarne skup\u0161tine BiH. Tu vas do\u010dekuju volonteri. Od njih \u0107ete dobiti u\u017eine. <\/p>\n\n\n\n<ul class=\"wp-block-list\">\n<li>U\u017einu \u010dini paket: sendvi\u010d pohovana piletina, pita, fla\u0161irana negazirana voda i \u010dokoladica. <\/li>\n\n\n\n<li>Dobavlja\u010dima je nagla\u0161eno da ovi paketi ne smiju, ni u tragovima, sadr\u017eavati jagode, gljive i med, zbog prijavljenih alergija na njih. <\/li>\n\n\n\n<li>Posebni obroci (vegetarijanski i bezglutenski obroci) \u0107e biti pripremljeni za one koji su to tra\u017eili. Prijave posebnih obroka podnosi nastavnik\/ica. Volonteri znaju koje ekipe trebaju posebne obroke i oni \u0107e se pobrinuti da ti obroci do\u0111u u prave ruke.<\/li>\n<\/ul>\n\n\n\n<p>U\u017einu trebate pojesti ispred Parlamenta, jer u zgradu PSBiH ne\u0107ete mo\u0107i unijeti hranu, pi\u0107e i zabranjene predmete i supstance (upalja\u010di, sportski i kamperski no\u017eevi, oru\u017eje bilo koje vrste, \u010dak i plasti\u010dno, bilo kakve te\u010dnosti i opijati). <\/p>\n\n\n\n<ul class=\"wp-block-list\">\n<li><strong>Ukoliko iz medicinskih razloga trebate nositi ili nosite u\/na sebi metalne naprave (fiksatori, pejsmejkeri isl) ili trebate pored sebe imati medicinska pomagala kao \u0161to su inhalatori za asmati\u010dare ili pumpice i \u0161price za dijabeti\u010dare, &nbsp;molim vas da nam to najavite, ne samo zbog odobrenje ve\u0107 i iz razloga \u0161to neki od ovih medicinskih pomagala tra\u017ee da ne prolazite kroz detektor za metal.<\/strong><\/li>\n<\/ul>\n\n\n\n<p class=\"has-text-color\" style=\"color:#6f0c99\"><strong>Ulazak u zgradu Parlamentarne skup\u0161tine BiH planiran je do 12:30.<\/strong> <\/p>\n\n\n\n<ul class=\"wp-block-list\">\n<li>To zna\u010di da posljednji pobjedni\u010dki tim pristupa kontroli u 12:00, jer ra\u010dunamo na stro\u017eije sigurnosne\/bezbjednosne mjere. <\/li>\n\n\n\n<li>Ako do\u0111ete ranije, javite se volonterima, preuzmite u\u017einu i mo\u017eete pro\u0161etati. <\/li>\n\n\n\n<li>Volonterima najavite vrijeme povratka kako bi vas mogli pratiti i 15-ak minuta ranije pozvati i podsjetiti na to da je vrijeme za povratak.<\/li>\n<\/ul>\n\n\n\n<p>S obzirom da zgradu Parlamenta trebamo napustiti odmah po zavr\u0161etku programa, do 16:00, vrijeme prije zvani\u010dnih obra\u0107anja (otvaranje\/otvorenje programa) iskoristite za fotografije u Sali, koje \u017eelite sa\u010duvati za uspomenu.<\/p>\n\n\n\n<h2 class=\"wp-block-heading has-text-color has-large-font-size\" style=\"color:#6f0c99;font-style:normal;font-weight:700\"><strong>Akreditacije<\/strong><\/h2>\n\n\n\n<p><strong>Svaki pobjedni\u010dki tim zadu\u017euje 3 vrste akreditacija<\/strong>. <strong>U\u010denici nose akreditacije pobjednika<\/strong>, a izdvojene su dvije akreditacije: <strong>akreditacija <\/strong>u\u010denika\/u\u010denice koji\/a \u0107e izlo\u017eiti va\u0161 rad u Parlamentu i <strong>akreditacija<\/strong> nastavnika\/ice.<\/p>\n\n\n\n<figure class=\"wp-block-gallery has-nested-images columns-default is-cropped wp-block-gallery-1 is-layout-flex wp-block-gallery-is-layout-flex\">\n<figure class=\"wp-block-image size-large\"><a href=\"https:\/\/civitas.ba\/projektgradjanin\/wp-content\/uploads\/2023\/05\/Akreditacija-IZLAGAC-scaled.jpg\"><img loading=\"lazy\" decoding=\"async\" width=\"724\" height=\"1024\" data-id=\"1437\" src=\"https:\/\/civitas.ba\/projektgradjanin\/wp-content\/uploads\/2023\/05\/Akreditacija-IZLAGAC-724x1024.jpg\" alt=\"\" class=\"wp-image-1437\" srcset=\"https:\/\/civitas.ba\/projektgradjanin\/wp-content\/uploads\/2023\/05\/Akreditacija-IZLAGAC-724x1024.jpg 724w, https:\/\/civitas.ba\/projektgradjanin\/wp-content\/uploads\/2023\/05\/Akreditacija-IZLAGAC-212x300.jpg 212w, https:\/\/civitas.ba\/projektgradjanin\/wp-content\/uploads\/2023\/05\/Akreditacija-IZLAGAC-768x1086.jpg 768w, https:\/\/civitas.ba\/projektgradjanin\/wp-content\/uploads\/2023\/05\/Akreditacija-IZLAGAC-1086x1536.jpg 1086w, https:\/\/civitas.ba\/projektgradjanin\/wp-content\/uploads\/2023\/05\/Akreditacija-IZLAGAC-1448x2048.jpg 1448w, https:\/\/civitas.ba\/projektgradjanin\/wp-content\/uploads\/2023\/05\/Akreditacija-IZLAGAC-300x424.jpg 300w, https:\/\/civitas.ba\/projektgradjanin\/wp-content\/uploads\/2023\/05\/Akreditacija-IZLAGAC-850x1202.jpg 850w, https:\/\/civitas.ba\/projektgradjanin\/wp-content\/uploads\/2023\/05\/Akreditacija-IZLAGAC-scaled.jpg 1810w\" sizes=\"auto, (max-width: 724px) 100vw, 724px\" \/><\/a><figcaption class=\"wp-element-caption\">Akreditacije za izlaga\u010de (zlatne &#8211; \u017eute)<\/figcaption><\/figure>\n\n\n\n<figure class=\"wp-block-image size-large\"><a href=\"https:\/\/civitas.ba\/projektgradjanin\/wp-content\/uploads\/2023\/05\/Akreditacija-NASTAVNIK-scaled.jpg\"><img loading=\"lazy\" decoding=\"async\" width=\"724\" height=\"1024\" data-id=\"1436\" src=\"https:\/\/civitas.ba\/projektgradjanin\/wp-content\/uploads\/2023\/05\/Akreditacija-NASTAVNIK-724x1024.jpg\" alt=\"\" class=\"wp-image-1436\" srcset=\"https:\/\/civitas.ba\/projektgradjanin\/wp-content\/uploads\/2023\/05\/Akreditacija-NASTAVNIK-724x1024.jpg 724w, https:\/\/civitas.ba\/projektgradjanin\/wp-content\/uploads\/2023\/05\/Akreditacija-NASTAVNIK-212x300.jpg 212w, https:\/\/civitas.ba\/projektgradjanin\/wp-content\/uploads\/2023\/05\/Akreditacija-NASTAVNIK-768x1086.jpg 768w, https:\/\/civitas.ba\/projektgradjanin\/wp-content\/uploads\/2023\/05\/Akreditacija-NASTAVNIK-1086x1536.jpg 1086w, https:\/\/civitas.ba\/projektgradjanin\/wp-content\/uploads\/2023\/05\/Akreditacija-NASTAVNIK-1448x2048.jpg 1448w, https:\/\/civitas.ba\/projektgradjanin\/wp-content\/uploads\/2023\/05\/Akreditacija-NASTAVNIK-300x424.jpg 300w, https:\/\/civitas.ba\/projektgradjanin\/wp-content\/uploads\/2023\/05\/Akreditacija-NASTAVNIK-850x1202.jpg 850w, https:\/\/civitas.ba\/projektgradjanin\/wp-content\/uploads\/2023\/05\/Akreditacija-NASTAVNIK-scaled.jpg 1810w\" sizes=\"auto, (max-width: 724px) 100vw, 724px\" \/><\/a><figcaption class=\"wp-element-caption\">Akreditacije za nastavnik (plave)e<\/figcaption><\/figure>\n\n\n\n<figure class=\"wp-block-image size-large\"><a href=\"https:\/\/civitas.ba\/projektgradjanin\/wp-content\/uploads\/2023\/05\/Akreditacija-POBJEDNIK-1-1-scaled.jpg\"><img loading=\"lazy\" decoding=\"async\" width=\"724\" height=\"1024\" data-id=\"1438\" src=\"https:\/\/civitas.ba\/projektgradjanin\/wp-content\/uploads\/2023\/05\/Akreditacija-POBJEDNIK-1-1-724x1024.jpg\" alt=\"\" class=\"wp-image-1438\" srcset=\"https:\/\/civitas.ba\/projektgradjanin\/wp-content\/uploads\/2023\/05\/Akreditacija-POBJEDNIK-1-1-724x1024.jpg 724w, https:\/\/civitas.ba\/projektgradjanin\/wp-content\/uploads\/2023\/05\/Akreditacija-POBJEDNIK-1-1-212x300.jpg 212w, https:\/\/civitas.ba\/projektgradjanin\/wp-content\/uploads\/2023\/05\/Akreditacija-POBJEDNIK-1-1-768x1086.jpg 768w, https:\/\/civitas.ba\/projektgradjanin\/wp-content\/uploads\/2023\/05\/Akreditacija-POBJEDNIK-1-1-1086x1536.jpg 1086w, https:\/\/civitas.ba\/projektgradjanin\/wp-content\/uploads\/2023\/05\/Akreditacija-POBJEDNIK-1-1-1448x2048.jpg 1448w, https:\/\/civitas.ba\/projektgradjanin\/wp-content\/uploads\/2023\/05\/Akreditacija-POBJEDNIK-1-1-300x424.jpg 300w, https:\/\/civitas.ba\/projektgradjanin\/wp-content\/uploads\/2023\/05\/Akreditacija-POBJEDNIK-1-1-850x1202.jpg 850w, https:\/\/civitas.ba\/projektgradjanin\/wp-content\/uploads\/2023\/05\/Akreditacija-POBJEDNIK-1-1-scaled.jpg 1810w\" sizes=\"auto, (max-width: 724px) 100vw, 724px\" \/><\/a><figcaption class=\"wp-element-caption\">Akreditacije za pobjednike (ljubi\u010daste)<\/figcaption><\/figure>\n<\/figure>\n\n\n\n<p class=\"has-text-color has-medium-font-size\" style=\"color:#e30758fa\"><strong>Akreditacija izlaga\u010da <\/strong><\/p>\n\n\n\n<p><strong>je samo jedna za svaki pobjedni\u010dki tim. Pripada u\u010deniku\/u\u010denici koji izla\u017ee va\u0161 rad. &nbsp;<\/strong>Ovi u\u010denici i u\u010denice sjede <strong>u prvim redovima<\/strong>, na mjestima posebno ozna\u010denim za njih. <strong>Vrijeme izlaganja je 60 sekundi \u2013 jedna minuta.<\/strong><\/p>\n\n\n\n<ul class=\"wp-block-list\">\n<li>Kod izlaganja, fokusirate se na to da odgovorite na pitanja:<ul><li>Iz kojeg grada i \u0161kole dolazite?<\/li><\/ul><ul><li>Koji problem ste istra\u017eivali i zbog \u010dega vas ba\u0161 taj problem posebno brine?<\/li><\/ul><ul><li>Koju politiku predla\u017eete kao rje\u0161enje?<\/li><\/ul>\n<ul class=\"wp-block-list\">\n<li>\u0160to je va\u0161 najve\u0107i uspjeh i na \u0161to ste, od svega \u0161to ste nau\u010dili, posebno ponosni?<\/li>\n<\/ul>\n<\/li>\n<\/ul>\n\n\n\n<ul class=\"wp-block-list\">\n<li>Kada vas prozovemo, va\u0161 izlaga\u010d prilazi govornici. Obra\u0107a se i predstavlja va\u0161 rad.<\/li>\n\n\n\n<li>Zatim preuzima \u010dek nagradnog fonda.<\/li>\n\n\n\n<li>Uzima \u010dek i s \u010dekom treba stati ispred predstavni\u010dkog postolja\/stola. Kada svi zavr\u0161e svoje prezentacije, napravit \u0107emo zajedni\u010dku fotografiju.<\/li>\n<\/ul>\n\n\n\n<p class=\"has-text-color has-medium-font-size\" style=\"color:#026371\"><strong>Akreditacija nastavnika\/ice<\/strong><\/p>\n\n\n\n<p>Iz na\u0161eg Malog rje\u010dnika demokratije\/demokracije izdvojili smo pojmove, koji su istaknuti na akreditacijama va\u0161ih nastavnika i nastavnica. Zadatak za cijeli tim je da snimite video poja\u0161njenje pojma. Mo\u017ee to biti definicija problema i jedan primjer. Mo\u017ee biti cijela prezentacija, animacija, video u kojem se pojavljuju svi ili samo neki u\u010denici i u\u010denice, a mo\u017ee biti i ples, pjesma\u2026 budite kreativni.<\/p>\n\n\n\n<ul class=\"wp-block-list\">\n<li><strong>Video snimite tako da on traje maksimalno 60 sekundi \u2013 1 minutu.<\/strong><\/li>\n\n\n\n<li>Kameru (a mo\u017ee to biti kamera va\u0161ih mobilnih telefona) okrenite <strong>horizontalno \u2013 landscape.<\/strong><\/li>\n<\/ul>\n\n\n\n<p class=\"has-black-color has-text-color\">Svoj video mo\u017eete snimiti prvog ili drugog dana. Prije odlaska (u petak, do 12:00) <strong>po\u0161aljite ga mailom na <a href=\"mailto:info@civitas.ba\">info@civitas.ba<\/a> <\/strong>ili u <strong>viber poruci na broj telefona 065 323 881<\/strong> (de\u017eurni telefon).<\/p>\n\n\n\n<h2 class=\"wp-block-heading has-text-color has-large-font-size\" style=\"color:#6f0c99;font-style:normal;font-weight:700\"><strong>Pregled programa<\/strong><\/h2>\n\n\n\n<figure class=\"wp-block-video\"><video height=\"480\" style=\"aspect-ratio: 848 \/ 480;\" width=\"848\" controls poster=\"https:\/\/civitas.ba\/projektgradjanin\/wp-content\/uploads\/2023\/05\/Screenshot-114.png\" src=\"https:\/\/civitas.ba\/projektgradjanin\/wp-content\/uploads\/2023\/05\/WhatsApp-Video-2023-05-17-at-00.22.33.mp4\" playsinline><\/video><\/figure>\n\n\n\n<p><strong>Program u PSBiH zavr\u0161ava u 16:00.<\/strong> S obzirom da je to vrijeme velike \u0161pice i da biste do hotela putovali sat i vi\u0161e vremena, predla\u017eemo da iskoristite vrijeme velike gu\u017eve na cestama za \u0161etnju gradu. <strong>Autobusi vas \u010dekaju <a rel=\"noreferrer noopener\" href=\"https:\/\/www.google.com\/maps\/search\/PLATO+ZEMALJSKI+MUZEJ+BIH\/@43.8550771,18.3995608,17z\/data=!3m1!4b1\" target=\"_blank\">ispred Zemaljskog muzeja BiH<\/a> (u neposrednoj blizini Parlamenta, klikni za pristup mapi). Polazak je planiran u 18:30.<\/strong> Na dogovorenom mjestu budite do 18:15. <\/p>\n\n\n\n<p><strong>Smje\u0161teni ste u <a href=\"https:\/\/www.hotel-hollywood.ba\/\" target=\"_blank\" rel=\"noreferrer noopener\">hotelu Hollywood na Ilid\u017ei<\/a>.<\/strong> <strong>Zajedni\u010dka ve\u010dera u ovom je hotelu planirana u 20:30.<\/strong> <\/p>\n\n\n\n<ul class=\"wp-block-list\">\n<li>Smje\u0161taj u hotelu je organiziran u dvokrevetnim, trokrevetnim i \u010detverokrevetnim sobama. <\/li>\n\n\n\n<li>Organizator je napravio raspored smje\u0161taja na na\u010din da se razlikuju \u017eenske i mu\u0161ke sobe, sobe za u\u010denike\/ice i sobe za nastavnike\/ice. Hotelu je raspored dostavljen bez oznaka \u0161kola i napomena da li je rije\u010d o u\u010denicima ili nastavnicima zbog ranijeg lo\u0161eg iskustva s drugim hotelima, gdje je smje\u0161taj za u\u010denike bio znatno lo\u0161iji. <\/li>\n\n\n\n<li>U sobi \u0107ete biti s djevoj\u010dicama\/djevojakam ili dje\u010dacima\/momcima iz svoje \u0161kole. Uz odobrenje nastavnika\/ice mogu\u0107e su promjene rasporeda unutar va\u0161eg \u0161kolskog tima, samo po\u0161tujete da razlikujemo sobe za djevoj\u010dice\/djevojke od onih za dje\u010dake\/momke.<\/li>\n<\/ul>\n\n\n\n<h2 class=\"wp-block-heading has-text-color has-large-font-size\" style=\"color:#6f0c99;font-style:normal;font-weight:700\"><strong>Drugi dan Smotre<\/strong><\/h2>\n\n\n\n<p>Drugi dan Smotre ostajemo u hotelu. Doru\u010dak je od 07:00 do 09:00 &nbsp;S radom po\u010dinjemo u 09:00. &nbsp;Djelimo se u dvije sale za rad.<\/p>\n\n\n\n<ul class=\"wp-block-list\">\n<li>Sala 1: Osnovci<\/li>\n\n\n\n<li>Sala 2: Srednjo\u0161kolci<\/li>\n<\/ul>\n\n\n\n<p>U obje sale stolice su postavljene po dvije, jedna nasuprot drugoj. Model rada je kao na <em>Speed Daiting<\/em> susretu.<\/p>\n\n\n\n<ul class=\"wp-block-list\">\n<li>Zauzimate prvo slobodno mjesto. Bitno je da preko puta vas <strong>ne<\/strong> sjedi u\u010denik\/u\u010denica iz va\u0161e \u0161kole.<\/li>\n\n\n\n<li>Kolegici ili kolegi trebate predstaviti problem koji ste istra\u017eivali i mjeru javne politiku koju va\u0161 \u0161kolski tim zagovara kao rje\u0161enje problema. To isto \u0107ete \u010duti od njega\/nje.<\/li>\n\n\n\n<li>Kada se oglasi zvono, potra\u017eite novo mjesto za sjedenje. Ovoga puta naspram vas <strong>ne mo\u017ee sjediti<\/strong> u\u010denik\/u\u010denica iz va\u0161e \u0161kole ili \u0161kole s \u010dijim ste predstavnikom\/icom ve\u0107 razgovarali.<\/li>\n\n\n\n<li>Do kraja radionice svi \u0107ete znati najmanje 10 politika drugih pobjedni\u010dkih timova.<\/li>\n<\/ul>\n\n\n\n<p><strong>Za kraj:<\/strong> Vratite se u svoje \u0161kolske timove &#8211; potra\u017eite u\u010denike i u\u010denice iz svoje \u0161kole. Kao \u0161kolski tim, uz mentorstvo nastavnika\/ice, pripremite osvrt na svoje iskustvo sudjelovanja\/u\u010de\u0161\u0107a u programu Smotre, predstavite politike drugih \u0161kola o kojima ste imali priliku \u010duti i nau\u010diti ne\u0161to novo i ne\u0161to vi\u0161e. Navedite koje od tih politika su vam se posebno dopale i za\u0161to, odnosno koje biste i vi podr\u017eali i\/ili po\u017eeljeli kao nove politike u svojim zajednicama.<\/p>\n\n\n\n<p class=\"has-black-color has-text-color\"><strong>Svoje osvrte, ba\u0161 kao i video poja\u0161njenja pojma mo\u017eete predati organizatorima, na info pultu kod Recepcije ili poslati nam mailom na <a href=\"mailto:info@civitas.ba\">info@civitas.ba<\/a>, odnosno u viber poruci na broj 065 323 881.<\/strong><\/p>\n\n\n\n<p>Nastavnici se, prije povratka, trebaju potpisati ugovor za nagradu. \u010cek koji vam uru\u010dujemo je simboli\u010dan. Novac od nagrade (800 KM bruto) \u0107e vam biti ispla\u0107en na ra\u010dun \u0161kole i\/ili nastavnika\/ice.<\/p>\n\n\n\n<p class=\"has-text-color\" style=\"color:#0383a3\"><strong>Ukoliko se iz bilo kog razloga osje\u0107ate nelagodno, ne svi\u0111a vam se odre\u0111eno pona\u0161anje drugih, iskusili ste neki oblik nasilja, brinete za sigurnost ili zbog ne\u010deg drugog POZOVITE ORGANIZATORE ILI NAM PUSTITE VIBER PORUKU NA BROJ 065 323 881. Na ovaj broj mogu nam pisati ili nas pozivati i roditelji, za sve informacije i utiske koje \u017eele podijeliti s nama.<\/strong><\/p>\n\n\n\n<figure class=\"wp-block-video\"><video height=\"480\" style=\"aspect-ratio: 848 \/ 480;\" width=\"848\" controls poster=\"https:\/\/civitas.ba\/projektgradjanin\/wp-content\/uploads\/2023\/05\/Screenshot-115.png\" src=\"https:\/\/civitas.ba\/projektgradjanin\/wp-content\/uploads\/2023\/05\/WhatsApp-Video-2023-05-17-at-01.12.31.mp4\" playsinline><\/video><\/figure>\n\n\n\n<p class=\"has-medium-font-size\"><strong>Zanimljiva mjesta u gradu Sarajevo, koje vam preporu\u010dujemo za posjetu i obilazak<\/strong><\/p>\n\n\n\n<p class=\"has-vivid-cyan-blue-color has-text-color has-medium-font-size\" style=\"text-transform:uppercase\"><strong>Zgo\u0161\u0107anski ste\u0107ak iz Kaknja i Zemaljski muzej BiH<\/strong><\/p>\n\n\n\n<p>U Bosni i Hercegovini je, do sada, evidentirano vi\u0161e od 60.000 ste\u0107aka \u2013 srednjevjekovnih nadgrobnih spomenika. Prema mi\u0161ljenju mnogih, najljep\u0161i me\u0111u njima je <a href=\"https:\/\/www.zemaljskimuzej.ba\/bs\/arheologija\/srednji-vijek\/zgo%C5%A1%C4%87anski-sljemenjak\" target=\"_blank\" rel=\"noreferrer noopener\">Zgo\u0161\u0107anski ste\u0107ak<\/a> \u010dija je replika postavljena ispred zgrade Parlamentarne skup\u0161tine BiH. Replika je postavljena 2011. godine, a njeni autori su kipari Stjepan Gavri\u0107 i Nihad Kova\u010devi\u0107. Orginalni ste\u0107ak nalazi se tek nekoliko metara dalje, u Botani\u010dkoj ba\u0161ti Zemaljskog muzeja BiH, pa je ovo prvo mjesto koje vam preporu\u010dujemo za posjetu i obilazak.<\/p>\n\n\n\n<p>Zgo\u0161\u0107anski ste\u0107ak te\u017eak je 14.000 kg i ukra\u0161en je najbogatijim motivima tada\u0161njeg doba. Prona\u0161ao ga je, u neposrednoj blizini Kaknja, na lokalitetu Crkvine, hi\/istori\u010dar\/povjesni\u010dar \u0106iro Truhelka, koji ga je 1914. godine prenio u Botani\u010dki vrt Zemaljskog muzeja u Sarajevu. On nema natpis, a zbog izuzetne ukra\u0161enosti smatra se da je to nekropola neke od zna\u010dajnih li\u010dnosti tog vremena.<\/p>\n\n\n\n<figure class=\"wp-block-gallery has-nested-images columns-default is-cropped wp-block-gallery-2 is-layout-flex wp-block-gallery-is-layout-flex\">\n<figure class=\"wp-block-image size-large\"><a href=\"https:\/\/civitas.ba\/projektgradjanin\/wp-content\/uploads\/2023\/05\/550362ea-a87c-4056-b3ed-6103b0094cfb-stecci-ilustracije-15-is-scaled.jpeg\"><img loading=\"lazy\" decoding=\"async\" width=\"1024\" height=\"680\" data-id=\"1389\" src=\"https:\/\/civitas.ba\/projektgradjanin\/wp-content\/uploads\/2023\/05\/550362ea-a87c-4056-b3ed-6103b0094cfb-stecci-ilustracije-15-is-1024x680.jpeg\" alt=\"\" class=\"wp-image-1389\" srcset=\"https:\/\/civitas.ba\/projektgradjanin\/wp-content\/uploads\/2023\/05\/550362ea-a87c-4056-b3ed-6103b0094cfb-stecci-ilustracije-15-is-1024x680.jpeg 1024w, https:\/\/civitas.ba\/projektgradjanin\/wp-content\/uploads\/2023\/05\/550362ea-a87c-4056-b3ed-6103b0094cfb-stecci-ilustracije-15-is-300x199.jpeg 300w, https:\/\/civitas.ba\/projektgradjanin\/wp-content\/uploads\/2023\/05\/550362ea-a87c-4056-b3ed-6103b0094cfb-stecci-ilustracije-15-is-768x510.jpeg 768w, https:\/\/civitas.ba\/projektgradjanin\/wp-content\/uploads\/2023\/05\/550362ea-a87c-4056-b3ed-6103b0094cfb-stecci-ilustracije-15-is-1536x1020.jpeg 1536w, https:\/\/civitas.ba\/projektgradjanin\/wp-content\/uploads\/2023\/05\/550362ea-a87c-4056-b3ed-6103b0094cfb-stecci-ilustracije-15-is-2048x1360.jpeg 2048w, https:\/\/civitas.ba\/projektgradjanin\/wp-content\/uploads\/2023\/05\/550362ea-a87c-4056-b3ed-6103b0094cfb-stecci-ilustracije-15-is-850x565.jpeg 850w\" sizes=\"auto, (max-width: 1024px) 100vw, 1024px\" \/><\/a><\/figure>\n\n\n\n<figure class=\"wp-block-image size-large\"><a href=\"https:\/\/civitas.ba\/projektgradjanin\/wp-content\/uploads\/2023\/05\/342931771_562661339302651_3615362494687863160_n-1024x768-1.jpg\"><img loading=\"lazy\" decoding=\"async\" width=\"1024\" height=\"768\" data-id=\"1392\" src=\"https:\/\/civitas.ba\/projektgradjanin\/wp-content\/uploads\/2023\/05\/342931771_562661339302651_3615362494687863160_n-1024x768-1.jpg\" alt=\"\" class=\"wp-image-1392\" srcset=\"https:\/\/civitas.ba\/projektgradjanin\/wp-content\/uploads\/2023\/05\/342931771_562661339302651_3615362494687863160_n-1024x768-1.jpg 1024w, https:\/\/civitas.ba\/projektgradjanin\/wp-content\/uploads\/2023\/05\/342931771_562661339302651_3615362494687863160_n-1024x768-1-300x225.jpg 300w, https:\/\/civitas.ba\/projektgradjanin\/wp-content\/uploads\/2023\/05\/342931771_562661339302651_3615362494687863160_n-1024x768-1-768x576.jpg 768w, https:\/\/civitas.ba\/projektgradjanin\/wp-content\/uploads\/2023\/05\/342931771_562661339302651_3615362494687863160_n-1024x768-1-850x638.jpg 850w\" sizes=\"auto, (max-width: 1024px) 100vw, 1024px\" \/><\/a><\/figure>\n\n\n\n<figure class=\"wp-block-image size-large\"><a href=\"https:\/\/civitas.ba\/projektgradjanin\/wp-content\/uploads\/2023\/05\/030-Zemaljski-muzej-photo-Sulejman-Omerbasic.jpg\"><img loading=\"lazy\" decoding=\"async\" width=\"1024\" height=\"576\" data-id=\"1391\" src=\"https:\/\/civitas.ba\/projektgradjanin\/wp-content\/uploads\/2023\/05\/030-Zemaljski-muzej-photo-Sulejman-Omerbasic-1024x576.jpg\" alt=\"\" class=\"wp-image-1391\" srcset=\"https:\/\/civitas.ba\/projektgradjanin\/wp-content\/uploads\/2023\/05\/030-Zemaljski-muzej-photo-Sulejman-Omerbasic-1024x576.jpg 1024w, https:\/\/civitas.ba\/projektgradjanin\/wp-content\/uploads\/2023\/05\/030-Zemaljski-muzej-photo-Sulejman-Omerbasic-300x169.jpg 300w, https:\/\/civitas.ba\/projektgradjanin\/wp-content\/uploads\/2023\/05\/030-Zemaljski-muzej-photo-Sulejman-Omerbasic-768x432.jpg 768w, https:\/\/civitas.ba\/projektgradjanin\/wp-content\/uploads\/2023\/05\/030-Zemaljski-muzej-photo-Sulejman-Omerbasic-1536x864.jpg 1536w, https:\/\/civitas.ba\/projektgradjanin\/wp-content\/uploads\/2023\/05\/030-Zemaljski-muzej-photo-Sulejman-Omerbasic-850x478.jpg 850w, https:\/\/civitas.ba\/projektgradjanin\/wp-content\/uploads\/2023\/05\/030-Zemaljski-muzej-photo-Sulejman-Omerbasic.jpg 1920w\" sizes=\"auto, (max-width: 1024px) 100vw, 1024px\" \/><\/a><\/figure>\n\n\n\n<figure class=\"wp-block-image size-large\"><a href=\"https:\/\/civitas.ba\/projektgradjanin\/wp-content\/uploads\/2023\/05\/003.jpg\"><img loading=\"lazy\" decoding=\"async\" width=\"1024\" height=\"684\" data-id=\"1390\" src=\"https:\/\/civitas.ba\/projektgradjanin\/wp-content\/uploads\/2023\/05\/003-1024x684.jpg\" alt=\"\" class=\"wp-image-1390\" srcset=\"https:\/\/civitas.ba\/projektgradjanin\/wp-content\/uploads\/2023\/05\/003-1024x684.jpg 1024w, https:\/\/civitas.ba\/projektgradjanin\/wp-content\/uploads\/2023\/05\/003-300x200.jpg 300w, https:\/\/civitas.ba\/projektgradjanin\/wp-content\/uploads\/2023\/05\/003-768x513.jpg 768w, https:\/\/civitas.ba\/projektgradjanin\/wp-content\/uploads\/2023\/05\/003-850x567.jpg 850w, https:\/\/civitas.ba\/projektgradjanin\/wp-content\/uploads\/2023\/05\/003.jpg 1200w\" sizes=\"auto, (max-width: 1024px) 100vw, 1024px\" \/><\/a><\/figure>\n\n\n\n<figure class=\"wp-block-image size-large\"><a href=\"https:\/\/civitas.ba\/projektgradjanin\/wp-content\/uploads\/2023\/05\/zgoscanski_stecak.jpg\"><img loading=\"lazy\" decoding=\"async\" width=\"1024\" height=\"768\" data-id=\"1396\" src=\"https:\/\/civitas.ba\/projektgradjanin\/wp-content\/uploads\/2023\/05\/zgoscanski_stecak-1024x768.jpg\" alt=\"\" class=\"wp-image-1396\" srcset=\"https:\/\/civitas.ba\/projektgradjanin\/wp-content\/uploads\/2023\/05\/zgoscanski_stecak-1024x768.jpg 1024w, https:\/\/civitas.ba\/projektgradjanin\/wp-content\/uploads\/2023\/05\/zgoscanski_stecak-300x225.jpg 300w, https:\/\/civitas.ba\/projektgradjanin\/wp-content\/uploads\/2023\/05\/zgoscanski_stecak-768x576.jpg 768w, https:\/\/civitas.ba\/projektgradjanin\/wp-content\/uploads\/2023\/05\/zgoscanski_stecak-850x638.jpg 850w, https:\/\/civitas.ba\/projektgradjanin\/wp-content\/uploads\/2023\/05\/zgoscanski_stecak.jpg 1440w\" sizes=\"auto, (max-width: 1024px) 100vw, 1024px\" \/><\/a><\/figure>\n\n\n\n<figure class=\"wp-block-image size-large\"><a href=\"https:\/\/civitas.ba\/projektgradjanin\/wp-content\/uploads\/2023\/05\/Sarajevo_-_Zemaljski_muzej_Bosne_i_Hercegovine_49105165827-scaled.jpg\"><img loading=\"lazy\" decoding=\"async\" width=\"1024\" height=\"683\" data-id=\"1398\" src=\"https:\/\/civitas.ba\/projektgradjanin\/wp-content\/uploads\/2023\/05\/Sarajevo_-_Zemaljski_muzej_Bosne_i_Hercegovine_49105165827-1024x683.jpg\" alt=\"\" class=\"wp-image-1398\" srcset=\"https:\/\/civitas.ba\/projektgradjanin\/wp-content\/uploads\/2023\/05\/Sarajevo_-_Zemaljski_muzej_Bosne_i_Hercegovine_49105165827-1024x683.jpg 1024w, https:\/\/civitas.ba\/projektgradjanin\/wp-content\/uploads\/2023\/05\/Sarajevo_-_Zemaljski_muzej_Bosne_i_Hercegovine_49105165827-300x200.jpg 300w, https:\/\/civitas.ba\/projektgradjanin\/wp-content\/uploads\/2023\/05\/Sarajevo_-_Zemaljski_muzej_Bosne_i_Hercegovine_49105165827-768x512.jpg 768w, https:\/\/civitas.ba\/projektgradjanin\/wp-content\/uploads\/2023\/05\/Sarajevo_-_Zemaljski_muzej_Bosne_i_Hercegovine_49105165827-1536x1024.jpg 1536w, https:\/\/civitas.ba\/projektgradjanin\/wp-content\/uploads\/2023\/05\/Sarajevo_-_Zemaljski_muzej_Bosne_i_Hercegovine_49105165827-2048x1365.jpg 2048w, https:\/\/civitas.ba\/projektgradjanin\/wp-content\/uploads\/2023\/05\/Sarajevo_-_Zemaljski_muzej_Bosne_i_Hercegovine_49105165827-850x567.jpg 850w\" sizes=\"auto, (max-width: 1024px) 100vw, 1024px\" \/><\/a><\/figure>\n<\/figure>\n\n\n\n<p class=\"has-text-color has-medium-font-size\" style=\"color:#c08e05;text-transform:uppercase\"><strong>Vilsonovo \u0161etali\u0161te<\/strong><\/p>\n\n\n\n<p>Od Parlamenta i Muzeja prema zapadnom izlazu iz grada mo\u017eete krenuti i najpopularnijim \u0161etali\u0161tem u gradu. <strong>Rije\u010d je o <a href=\"https:\/\/www.google.com\/maps\/place\/Vilsonovo+%C5%A1etali%C5%A1te,+Sarajevo+71000\/@43.8530338,18.3907325,17z\/data=!3m1!4b1!4m6!3m5!1s0x4758c9188acf2623:0xb5495cf1836a6196!8m2!3d43.8530338!4d18.3929212!16s%2Fg%2F1hjgxbjvg?hl=en\" target=\"_blank\" rel=\"noreferrer noopener\">Vilsonovom \u0161etali\u0161tu<\/a><\/strong>. Formirano je za vrijeme Austro-Ugarske vladavine, a prvo ime bilo mu je <strong>Kalajeva promenada<\/strong>, po zajedni\u010dkom ministru finansija Austro-Ugarske monarhije i upravitelju Bosne i Hercegovine \u2013 Benjaminu Kalaju. Nakon uspostave Kraljevine SHS, Kalajeva promenada dobila je naziv <strong>Vilsonovo \u0161etali\u0161te<\/strong>, po predsjedniku SAD-a Thomasu Woodrowu Wilsonu, koji je 1917. objavio rat Centralnim silama, \u0161to je bila prekretnica u Prvom svjetskom ratu.<\/p>\n\n\n\n<p>Sa obje strane \u0161etali\u0161ta su jo\u0161 <strong>po\u010detkom 20. stolje\u0107a zasa\u0111eni gusti drvoredi lipe<\/strong>, koji ovo \u0161etali\u0161te \u010dine zelenom oazom u centru grada. Cesta koja prolazi \u0161etali\u0161tem zatvorena je za motorna vozila svakim radnim danom nakon 17:00 i vikendom, pa se njome, u tim terminima kre\u0107u bicikli, romobili i gra\u0111ani na drugim\/druga\u010dijim to\u010dkovima (roleri). Uz \u0161etnicu su postavljene i rekreacijske sprave.<\/p>\n\n\n\n<figure class=\"wp-block-gallery has-nested-images columns-default is-cropped wp-block-gallery-3 is-layout-flex wp-block-gallery-is-layout-flex\">\n<figure class=\"wp-block-image size-large\"><a href=\"https:\/\/civitas.ba\/projektgradjanin\/wp-content\/uploads\/2023\/05\/Foto-Furaj.ba_-1.jpg\"><img loading=\"lazy\" decoding=\"async\" width=\"1024\" height=\"766\" data-id=\"1399\" src=\"https:\/\/civitas.ba\/projektgradjanin\/wp-content\/uploads\/2023\/05\/Foto-Furaj.ba_-1-1024x766.jpg\" alt=\"\" class=\"wp-image-1399\" srcset=\"https:\/\/civitas.ba\/projektgradjanin\/wp-content\/uploads\/2023\/05\/Foto-Furaj.ba_-1-1024x766.jpg 1024w, https:\/\/civitas.ba\/projektgradjanin\/wp-content\/uploads\/2023\/05\/Foto-Furaj.ba_-1-300x225.jpg 300w, https:\/\/civitas.ba\/projektgradjanin\/wp-content\/uploads\/2023\/05\/Foto-Furaj.ba_-1-768x575.jpg 768w, https:\/\/civitas.ba\/projektgradjanin\/wp-content\/uploads\/2023\/05\/Foto-Furaj.ba_-1-850x636.jpg 850w, https:\/\/civitas.ba\/projektgradjanin\/wp-content\/uploads\/2023\/05\/Foto-Furaj.ba_-1.jpg 1200w\" sizes=\"auto, (max-width: 1024px) 100vw, 1024px\" \/><\/a><\/figure>\n\n\n\n<figure class=\"wp-block-image size-large\"><a href=\"https:\/\/civitas.ba\/projektgradjanin\/wp-content\/uploads\/2023\/05\/210920082.jpg\"><img loading=\"lazy\" decoding=\"async\" width=\"1024\" height=\"683\" data-id=\"1400\" src=\"https:\/\/civitas.ba\/projektgradjanin\/wp-content\/uploads\/2023\/05\/210920082-1024x683.jpg\" alt=\"\" class=\"wp-image-1400\" srcset=\"https:\/\/civitas.ba\/projektgradjanin\/wp-content\/uploads\/2023\/05\/210920082-1024x683.jpg 1024w, https:\/\/civitas.ba\/projektgradjanin\/wp-content\/uploads\/2023\/05\/210920082-300x200.jpg 300w, https:\/\/civitas.ba\/projektgradjanin\/wp-content\/uploads\/2023\/05\/210920082-768x512.jpg 768w, https:\/\/civitas.ba\/projektgradjanin\/wp-content\/uploads\/2023\/05\/210920082-850x567.jpg 850w, https:\/\/civitas.ba\/projektgradjanin\/wp-content\/uploads\/2023\/05\/210920082.jpg 1200w\" sizes=\"auto, (max-width: 1024px) 100vw, 1024px\" \/><\/a><\/figure>\n\n\n\n<figure class=\"wp-block-image size-large\"><a href=\"https:\/\/civitas.ba\/projektgradjanin\/wp-content\/uploads\/2023\/05\/vilsonovo-jesen-oktobar-rsa-10.webp\"><img loading=\"lazy\" decoding=\"async\" width=\"1024\" height=\"683\" data-id=\"1401\" src=\"https:\/\/civitas.ba\/projektgradjanin\/wp-content\/uploads\/2023\/05\/vilsonovo-jesen-oktobar-rsa-10-1024x683.webp\" alt=\"\" class=\"wp-image-1401\" srcset=\"https:\/\/civitas.ba\/projektgradjanin\/wp-content\/uploads\/2023\/05\/vilsonovo-jesen-oktobar-rsa-10-1024x683.webp 1024w, https:\/\/civitas.ba\/projektgradjanin\/wp-content\/uploads\/2023\/05\/vilsonovo-jesen-oktobar-rsa-10-300x200.webp 300w, https:\/\/civitas.ba\/projektgradjanin\/wp-content\/uploads\/2023\/05\/vilsonovo-jesen-oktobar-rsa-10-768x512.webp 768w, https:\/\/civitas.ba\/projektgradjanin\/wp-content\/uploads\/2023\/05\/vilsonovo-jesen-oktobar-rsa-10-850x567.webp 850w, https:\/\/civitas.ba\/projektgradjanin\/wp-content\/uploads\/2023\/05\/vilsonovo-jesen-oktobar-rsa-10.webp 1098w\" sizes=\"auto, (max-width: 1024px) 100vw, 1024px\" \/><\/a><\/figure>\n<\/figure>\n\n\n\n<p>Velike su mogu\u0107nosti da \u0107ete do Parlamenta do\u0107i upravo cestom kroz ovo \u0161etali\u0161te, ali kada do\u0111e vrijeme za polazak prema hotelu, tom istom cestom \u0107ete mo\u0107i pro\u0161etati do autobusa, jer \u0107e ona nakon 17:00 biti zatvorena za automobile, a autobusi vas \u010dekaju ispred Zemaljskog muzeja u 18:30. <\/p>\n\n\n\n<p class=\"has-text-color has-medium-font-size\" style=\"color:#b71249;text-transform:uppercase\"><strong>STARI DIO GRADA, INDEXI I SARAJEVSKI ATENTAT<\/strong><\/p>\n\n\n\n<p>Svakako mo\u017eete krenuti i u suprotnom pravcu, prema isto\u010dnoj kapiji grada, koja vodi u pravcu Trebevi\u0107a i Jahorine. Pro\u0107i \u0107ete \u010duvenim ulicama velikog broja \u0161eta\u010da, Titovom i Ferhadijom. Tu \u0107ete na\u0107i ugositeljske objekte za tradicionalna jela, kuhinje egzoti\u010dnih zemalja Azije, ali i slasti\u010darne i restorane brze hrane. \u017delite li tek sjediti, promatrati ljude i u\u017eivati u \u010daju ili kafi\/kahvi\/kavi, ponovo, ove dvije ulice i Ba\u0161\u010dar\u0161ija do koje vode pravi su odabir. Ne podi\u017eite glavu samo u visine. Mnoge oznake mjesta od posebnog zna\u010daj utisnute su u cestu, kao npr. ova oznaka za mjesto, za koje Sarajlije vjeruju da je mjesto dogovora o osnivanju jednog od \u010duvenih sarajevskih bendova \u2013 Indexa.<\/p>\n\n\n\n<figure class=\"wp-block-gallery has-nested-images columns-default is-cropped wp-block-gallery-4 is-layout-flex wp-block-gallery-is-layout-flex\">\n<figure class=\"wp-block-image size-large\"><a href=\"https:\/\/civitas.ba\/projektgradjanin\/wp-content\/uploads\/2023\/05\/Sarajevo-Travel-Guide-Travel-S-Helper.jpg\"><img loading=\"lazy\" decoding=\"async\" width=\"1024\" height=\"640\" data-id=\"1416\" src=\"https:\/\/civitas.ba\/projektgradjanin\/wp-content\/uploads\/2023\/05\/Sarajevo-Travel-Guide-Travel-S-Helper-1024x640.jpg\" alt=\"\" class=\"wp-image-1416\" srcset=\"https:\/\/civitas.ba\/projektgradjanin\/wp-content\/uploads\/2023\/05\/Sarajevo-Travel-Guide-Travel-S-Helper-1024x640.jpg 1024w, https:\/\/civitas.ba\/projektgradjanin\/wp-content\/uploads\/2023\/05\/Sarajevo-Travel-Guide-Travel-S-Helper-300x188.jpg 300w, https:\/\/civitas.ba\/projektgradjanin\/wp-content\/uploads\/2023\/05\/Sarajevo-Travel-Guide-Travel-S-Helper-768x480.jpg 768w, https:\/\/civitas.ba\/projektgradjanin\/wp-content\/uploads\/2023\/05\/Sarajevo-Travel-Guide-Travel-S-Helper-1536x960.jpg 1536w, https:\/\/civitas.ba\/projektgradjanin\/wp-content\/uploads\/2023\/05\/Sarajevo-Travel-Guide-Travel-S-Helper-850x531.jpg 850w, https:\/\/civitas.ba\/projektgradjanin\/wp-content\/uploads\/2023\/05\/Sarajevo-Travel-Guide-Travel-S-Helper.jpg 1920w\" sizes=\"auto, (max-width: 1024px) 100vw, 1024px\" \/><\/a><\/figure>\n\n\n\n<figure class=\"wp-block-image size-large\"><a href=\"https:\/\/civitas.ba\/projektgradjanin\/wp-content\/uploads\/2023\/05\/Mjesto-gdje-se-srecu-istok-i-zapad.jpg\"><img loading=\"lazy\" decoding=\"async\" width=\"1024\" height=\"768\" data-id=\"1417\" src=\"https:\/\/civitas.ba\/projektgradjanin\/wp-content\/uploads\/2023\/05\/Mjesto-gdje-se-srecu-istok-i-zapad-1024x768.jpg\" alt=\"\" class=\"wp-image-1417\" srcset=\"https:\/\/civitas.ba\/projektgradjanin\/wp-content\/uploads\/2023\/05\/Mjesto-gdje-se-srecu-istok-i-zapad-1024x768.jpg 1024w, https:\/\/civitas.ba\/projektgradjanin\/wp-content\/uploads\/2023\/05\/Mjesto-gdje-se-srecu-istok-i-zapad-300x225.jpg 300w, https:\/\/civitas.ba\/projektgradjanin\/wp-content\/uploads\/2023\/05\/Mjesto-gdje-se-srecu-istok-i-zapad-768x576.jpg 768w, https:\/\/civitas.ba\/projektgradjanin\/wp-content\/uploads\/2023\/05\/Mjesto-gdje-se-srecu-istok-i-zapad-850x637.jpg 850w, https:\/\/civitas.ba\/projektgradjanin\/wp-content\/uploads\/2023\/05\/Mjesto-gdje-se-srecu-istok-i-zapad.jpg 1318w\" sizes=\"auto, (max-width: 1024px) 100vw, 1024px\" \/><\/a><\/figure>\n\n\n\n<figure class=\"wp-block-image size-large\"><a href=\"https:\/\/civitas.ba\/projektgradjanin\/wp-content\/uploads\/2023\/05\/249824.jpg\"><img loading=\"lazy\" decoding=\"async\" width=\"1024\" height=\"683\" data-id=\"1403\" src=\"https:\/\/civitas.ba\/projektgradjanin\/wp-content\/uploads\/2023\/05\/249824-1024x683.jpg\" alt=\"\" class=\"wp-image-1403\" srcset=\"https:\/\/civitas.ba\/projektgradjanin\/wp-content\/uploads\/2023\/05\/249824-1024x683.jpg 1024w, https:\/\/civitas.ba\/projektgradjanin\/wp-content\/uploads\/2023\/05\/249824-300x200.jpg 300w, https:\/\/civitas.ba\/projektgradjanin\/wp-content\/uploads\/2023\/05\/249824-768x512.jpg 768w, https:\/\/civitas.ba\/projektgradjanin\/wp-content\/uploads\/2023\/05\/249824-1536x1024.jpg 1536w, https:\/\/civitas.ba\/projektgradjanin\/wp-content\/uploads\/2023\/05\/249824-2048x1366.jpg 2048w, https:\/\/civitas.ba\/projektgradjanin\/wp-content\/uploads\/2023\/05\/249824-850x567.jpg 850w\" sizes=\"auto, (max-width: 1024px) 100vw, 1024px\" \/><\/a><\/figure>\n\n\n\n<figure class=\"wp-block-image size-large\"><a href=\"https:\/\/civitas.ba\/projektgradjanin\/wp-content\/uploads\/2023\/05\/Ferhadija-u-Sarajevu.jpg\"><img loading=\"lazy\" decoding=\"async\" width=\"768\" height=\"1024\" data-id=\"1418\" src=\"https:\/\/civitas.ba\/projektgradjanin\/wp-content\/uploads\/2023\/05\/Ferhadija-u-Sarajevu-768x1024.jpg\" alt=\"\" class=\"wp-image-1418\" srcset=\"https:\/\/civitas.ba\/projektgradjanin\/wp-content\/uploads\/2023\/05\/Ferhadija-u-Sarajevu-768x1023.jpg 768w, https:\/\/civitas.ba\/projektgradjanin\/wp-content\/uploads\/2023\/05\/Ferhadija-u-Sarajevu-225x300.jpg 225w, https:\/\/civitas.ba\/projektgradjanin\/wp-content\/uploads\/2023\/05\/Ferhadija-u-Sarajevu-300x400.jpg 300w, https:\/\/civitas.ba\/projektgradjanin\/wp-content\/uploads\/2023\/05\/Ferhadija-u-Sarajevu-850x1133.jpg 850w, https:\/\/civitas.ba\/projektgradjanin\/wp-content\/uploads\/2023\/05\/Ferhadija-u-Sarajevu.jpg 893w\" sizes=\"auto, (max-width: 768px) 100vw, 768px\" \/><\/a><\/figure>\n\n\n\n<figure class=\"wp-block-image size-large\"><a href=\"https:\/\/civitas.ba\/projektgradjanin\/wp-content\/uploads\/2023\/05\/72702559_10157818583199884_9141442653760520192_n.jpg\"><img loading=\"lazy\" decoding=\"async\" width=\"768\" height=\"1024\" data-id=\"1406\" src=\"https:\/\/civitas.ba\/projektgradjanin\/wp-content\/uploads\/2023\/05\/72702559_10157818583199884_9141442653760520192_n-768x1024.jpg\" alt=\"\" class=\"wp-image-1406\" srcset=\"https:\/\/civitas.ba\/projektgradjanin\/wp-content\/uploads\/2023\/05\/72702559_10157818583199884_9141442653760520192_n-768x1024.jpg 768w, https:\/\/civitas.ba\/projektgradjanin\/wp-content\/uploads\/2023\/05\/72702559_10157818583199884_9141442653760520192_n-225x300.jpg 225w, https:\/\/civitas.ba\/projektgradjanin\/wp-content\/uploads\/2023\/05\/72702559_10157818583199884_9141442653760520192_n-1152x1536.jpg 1152w, https:\/\/civitas.ba\/projektgradjanin\/wp-content\/uploads\/2023\/05\/72702559_10157818583199884_9141442653760520192_n-300x400.jpg 300w, https:\/\/civitas.ba\/projektgradjanin\/wp-content\/uploads\/2023\/05\/72702559_10157818583199884_9141442653760520192_n-850x1133.jpg 850w, https:\/\/civitas.ba\/projektgradjanin\/wp-content\/uploads\/2023\/05\/72702559_10157818583199884_9141442653760520192_n.jpg 1536w\" sizes=\"auto, (max-width: 768px) 100vw, 768px\" \/><\/a><\/figure>\n\n\n\n<figure class=\"wp-block-image size-large\"><a href=\"https:\/\/civitas.ba\/projektgradjanin\/wp-content\/uploads\/2023\/05\/73395408_10157818583294884_1671210987925012480_n.jpg\"><img loading=\"lazy\" decoding=\"async\" width=\"788\" height=\"1024\" data-id=\"1408\" src=\"https:\/\/civitas.ba\/projektgradjanin\/wp-content\/uploads\/2023\/05\/73395408_10157818583294884_1671210987925012480_n-788x1024.jpg\" alt=\"\" class=\"wp-image-1408\" srcset=\"https:\/\/civitas.ba\/projektgradjanin\/wp-content\/uploads\/2023\/05\/73395408_10157818583294884_1671210987925012480_n-788x1024.jpg 788w, https:\/\/civitas.ba\/projektgradjanin\/wp-content\/uploads\/2023\/05\/73395408_10157818583294884_1671210987925012480_n-231x300.jpg 231w, https:\/\/civitas.ba\/projektgradjanin\/wp-content\/uploads\/2023\/05\/73395408_10157818583294884_1671210987925012480_n-768x998.jpg 768w, https:\/\/civitas.ba\/projektgradjanin\/wp-content\/uploads\/2023\/05\/73395408_10157818583294884_1671210987925012480_n-1182x1536.jpg 1182w, https:\/\/civitas.ba\/projektgradjanin\/wp-content\/uploads\/2023\/05\/73395408_10157818583294884_1671210987925012480_n-300x390.jpg 300w, https:\/\/civitas.ba\/projektgradjanin\/wp-content\/uploads\/2023\/05\/73395408_10157818583294884_1671210987925012480_n-850x1105.jpg 850w, https:\/\/civitas.ba\/projektgradjanin\/wp-content\/uploads\/2023\/05\/73395408_10157818583294884_1671210987925012480_n.jpg 1576w\" sizes=\"auto, (max-width: 788px) 100vw, 788px\" \/><\/a><\/figure>\n\n\n\n<figure class=\"wp-block-image size-large\"><a href=\"https:\/\/civitas.ba\/projektgradjanin\/wp-content\/uploads\/2023\/05\/73027830_10157818583554884_5188132704712916992_n.jpg\"><img loading=\"lazy\" decoding=\"async\" width=\"1024\" height=\"768\" data-id=\"1407\" src=\"https:\/\/civitas.ba\/projektgradjanin\/wp-content\/uploads\/2023\/05\/73027830_10157818583554884_5188132704712916992_n-1024x768.jpg\" alt=\"\" class=\"wp-image-1407\" srcset=\"https:\/\/civitas.ba\/projektgradjanin\/wp-content\/uploads\/2023\/05\/73027830_10157818583554884_5188132704712916992_n-1024x768.jpg 1024w, https:\/\/civitas.ba\/projektgradjanin\/wp-content\/uploads\/2023\/05\/73027830_10157818583554884_5188132704712916992_n-300x225.jpg 300w, https:\/\/civitas.ba\/projektgradjanin\/wp-content\/uploads\/2023\/05\/73027830_10157818583554884_5188132704712916992_n-768x576.jpg 768w, https:\/\/civitas.ba\/projektgradjanin\/wp-content\/uploads\/2023\/05\/73027830_10157818583554884_5188132704712916992_n-1536x1152.jpg 1536w, https:\/\/civitas.ba\/projektgradjanin\/wp-content\/uploads\/2023\/05\/73027830_10157818583554884_5188132704712916992_n-850x638.jpg 850w, https:\/\/civitas.ba\/projektgradjanin\/wp-content\/uploads\/2023\/05\/73027830_10157818583554884_5188132704712916992_n.jpg 2048w\" sizes=\"auto, (max-width: 1024px) 100vw, 1024px\" \/><\/a><\/figure>\n\n\n\n<figure class=\"wp-block-image size-large\"><a href=\"https:\/\/civitas.ba\/projektgradjanin\/wp-content\/uploads\/2023\/05\/41118211_10156753092989884_9026163085836025856_n.jpg\"><img loading=\"lazy\" decoding=\"async\" width=\"1024\" height=\"768\" data-id=\"1404\" src=\"https:\/\/civitas.ba\/projektgradjanin\/wp-content\/uploads\/2023\/05\/41118211_10156753092989884_9026163085836025856_n-1024x768.jpg\" alt=\"\" class=\"wp-image-1404\" srcset=\"https:\/\/civitas.ba\/projektgradjanin\/wp-content\/uploads\/2023\/05\/41118211_10156753092989884_9026163085836025856_n-1024x768.jpg 1024w, https:\/\/civitas.ba\/projektgradjanin\/wp-content\/uploads\/2023\/05\/41118211_10156753092989884_9026163085836025856_n-300x225.jpg 300w, https:\/\/civitas.ba\/projektgradjanin\/wp-content\/uploads\/2023\/05\/41118211_10156753092989884_9026163085836025856_n-768x576.jpg 768w, https:\/\/civitas.ba\/projektgradjanin\/wp-content\/uploads\/2023\/05\/41118211_10156753092989884_9026163085836025856_n-1536x1152.jpg 1536w, https:\/\/civitas.ba\/projektgradjanin\/wp-content\/uploads\/2023\/05\/41118211_10156753092989884_9026163085836025856_n-850x638.jpg 850w, https:\/\/civitas.ba\/projektgradjanin\/wp-content\/uploads\/2023\/05\/41118211_10156753092989884_9026163085836025856_n.jpg 2048w\" sizes=\"auto, (max-width: 1024px) 100vw, 1024px\" \/><\/a><\/figure>\n\n\n\n<figure class=\"wp-block-image size-large\"><a href=\"https:\/\/civitas.ba\/projektgradjanin\/wp-content\/uploads\/2023\/05\/70557549_10157708013554884_6205996085068955648_n.jpg\"><img loading=\"lazy\" decoding=\"async\" width=\"1024\" height=\"768\" data-id=\"1405\" src=\"https:\/\/civitas.ba\/projektgradjanin\/wp-content\/uploads\/2023\/05\/70557549_10157708013554884_6205996085068955648_n-1024x768.jpg\" alt=\"\" class=\"wp-image-1405\" srcset=\"https:\/\/civitas.ba\/projektgradjanin\/wp-content\/uploads\/2023\/05\/70557549_10157708013554884_6205996085068955648_n-1024x768.jpg 1024w, https:\/\/civitas.ba\/projektgradjanin\/wp-content\/uploads\/2023\/05\/70557549_10157708013554884_6205996085068955648_n-300x225.jpg 300w, https:\/\/civitas.ba\/projektgradjanin\/wp-content\/uploads\/2023\/05\/70557549_10157708013554884_6205996085068955648_n-768x576.jpg 768w, https:\/\/civitas.ba\/projektgradjanin\/wp-content\/uploads\/2023\/05\/70557549_10157708013554884_6205996085068955648_n-1536x1152.jpg 1536w, https:\/\/civitas.ba\/projektgradjanin\/wp-content\/uploads\/2023\/05\/70557549_10157708013554884_6205996085068955648_n-850x638.jpg 850w, https:\/\/civitas.ba\/projektgradjanin\/wp-content\/uploads\/2023\/05\/70557549_10157708013554884_6205996085068955648_n.jpg 2048w\" sizes=\"auto, (max-width: 1024px) 100vw, 1024px\" \/><\/a><\/figure>\n\n\n\n<figure class=\"wp-block-image size-large\"><a href=\"https:\/\/civitas.ba\/projektgradjanin\/wp-content\/uploads\/2023\/05\/237685743_10159799287274884_3608811195626057824_n.jpg\"><img loading=\"lazy\" decoding=\"async\" width=\"1024\" height=\"682\" data-id=\"1412\" src=\"https:\/\/civitas.ba\/projektgradjanin\/wp-content\/uploads\/2023\/05\/237685743_10159799287274884_3608811195626057824_n-1024x682.jpg\" alt=\"\" class=\"wp-image-1412\" srcset=\"https:\/\/civitas.ba\/projektgradjanin\/wp-content\/uploads\/2023\/05\/237685743_10159799287274884_3608811195626057824_n-1024x682.jpg 1024w, https:\/\/civitas.ba\/projektgradjanin\/wp-content\/uploads\/2023\/05\/237685743_10159799287274884_3608811195626057824_n-300x200.jpg 300w, https:\/\/civitas.ba\/projektgradjanin\/wp-content\/uploads\/2023\/05\/237685743_10159799287274884_3608811195626057824_n-768x511.jpg 768w, https:\/\/civitas.ba\/projektgradjanin\/wp-content\/uploads\/2023\/05\/237685743_10159799287274884_3608811195626057824_n-850x566.jpg 850w, https:\/\/civitas.ba\/projektgradjanin\/wp-content\/uploads\/2023\/05\/237685743_10159799287274884_3608811195626057824_n.jpg 1280w\" sizes=\"auto, (max-width: 1024px) 100vw, 1024px\" \/><\/a><\/figure>\n\n\n\n<figure class=\"wp-block-image size-large\"><a href=\"https:\/\/civitas.ba\/projektgradjanin\/wp-content\/uploads\/2023\/05\/Bascarsija-Sarajevo.jpg\"><img loading=\"lazy\" decoding=\"async\" width=\"1000\" height=\"665\" data-id=\"1413\" src=\"https:\/\/civitas.ba\/projektgradjanin\/wp-content\/uploads\/2023\/05\/Bascarsija-Sarajevo.jpg\" alt=\"\" class=\"wp-image-1413\" srcset=\"https:\/\/civitas.ba\/projektgradjanin\/wp-content\/uploads\/2023\/05\/Bascarsija-Sarajevo.jpg 1000w, https:\/\/civitas.ba\/projektgradjanin\/wp-content\/uploads\/2023\/05\/Bascarsija-Sarajevo-300x200.jpg 300w, https:\/\/civitas.ba\/projektgradjanin\/wp-content\/uploads\/2023\/05\/Bascarsija-Sarajevo-768x511.jpg 768w, https:\/\/civitas.ba\/projektgradjanin\/wp-content\/uploads\/2023\/05\/Bascarsija-Sarajevo-850x565.jpg 850w\" sizes=\"auto, (max-width: 1000px) 100vw, 1000px\" \/><\/a><\/figure>\n<\/figure>\n\n\n\n<p><strong><a href=\"https:\/\/www.google.com\/maps\/place\/Ba%C5%A1%C4%8Dar%C5%A1ija\/@43.8598071,18.4291027,17z\/data=!3m1!4b1!4m6!3m5!1s0x4758c8c8c322a109:0xe90aa1a39f58600b!8m2!3d43.8598071!4d18.4312914!16s%2Fm%2F02p5yqr\" target=\"_blank\" rel=\"noreferrer noopener\">Ba\u0161\u010dar\u0161iju <\/a><\/strong>iz perioda vladavine Osmanskog carstva u Bosni, ne treba posebno predstavljati. Po njoj je Sarajevo nadaleko poznato, ali u starom dijelu grada ne zaboravite oti\u0107i i do <a href=\"https:\/\/www.google.com\/maps?q=latinska+cuprija&amp;biw=1270&amp;bih=532&amp;sxsrf=APwXEdfdqO3AmXTjjavcTZUexJhKEdmMWQ:1684278589912&amp;gs_lcp=Cgxnd3Mtd2l6LXNlcnAQAxgAMgcIIxCKBRAnMg4ILhCKBRDHARCvARCRAjIICAAQigUQkQIyCAgAEIAEEMsBMgUILhCABDIICAAQgAQQywEyCAgAEIAEEMsBMggIABCABBDLATIICC4QgAQQywEyBQgAEIAEMhwILhCKBRDHARCvARCRAhCXBRDcBBDeBBDgBBgCOgoIABBHENYEELADOgoIABCKBRCwAxBDOg8ILhCKBRDIAxCwAxBDGAE6EgguEIoFENQCEMgDELADEEMYAToLCC4QgAQQxwEQ0QM6BwguEIoFEEM6BAgjECc6DgguEK8BEMcBEIoFEJECOggILhDUAhCABEoECEEYAFC4CFiOD2DdFGgDcAF4AIABgQGIAeAFkgEDMi41mAEAoAEByAEMwAEB2gEECAEYCNoBBggCEAEYFA&amp;um=1&amp;ie=UTF-8&amp;sa=X&amp;ved=2ahUKEwi_6bDb-vr-AhUF_ioKHRtBCkEQ_AUoAnoECAEQBA\" target=\"_blank\" rel=\"noreferrer noopener\">Latinske \u0107uprije<\/a> \u2013 Principovog mosta, mjesta <a href=\"https:\/\/youtu.be\/cbjHGww1BTU\" target=\"_blank\" rel=\"noreferrer noopener\">Sarajevskog atentata<\/a> koji je bio povod po\u010detka Prvog svjetskog rata.<\/p>\n\n\n\n<p><\/p>\n\n\n\n<p class=\"has-text-color\" style=\"color:#0383a3\">Preferirate li dru\u0161tvene mre\u017ee kao dnevnike svojih iskustava, ne zaboravite na\u0161e hashtags <strong>#civitas #USAinBiH #ProjectCitizen #PG6248<\/strong><\/p>\n\n\n\n<p><strong>ZA POVRATAK NA PO\u010cETNU STRANICU, KLIKNITE <a href=\"https:\/\/civitas.ba\/projektgradjanin\/\">OVDJE<\/a>. <\/strong><\/p>\n","protected":false},"excerpt":{"rendered":"<p>Po\u0161tovani i po\u0161tovane,predstavljamo vam vodi\u010d za u\u010desnike i u\u010desnice \/ sudionike i sudionice \u201cProjekt gra\u0111anin\/\u0408\u0430 \u0433\u0440\u0430\u0452\u0430\u043d\u0438\u043d\u201c Finalne smotre pobjedni\u010dkih timova 2023. ZA PREGLED BILTENA SMOTRE, KLIKNITE OVDJE. 10 autobusa vanredne linije Potrudili smo se rute organizirati na na\u010din da ne kru\u017eite i da se vozite na najkra\u0107em mogu\u0107em pravcu. Na\u017ealost, stanje na putevima je tako&#8230;<\/p>\n","protected":false},"author":3,"featured_media":0,"comment_status":"closed","ping_status":"closed","sticky":false,"template":"","format":"standard","meta":{"footnotes":""},"categories":[1],"tags":[],"class_list":["post-1387","post","type-post","status-publish","format-standard","hentry","category-novosti"],"_links":{"self":[{"href":"https:\/\/civitas.ba\/projektgradjanin\/wp-json\/wp\/v2\/posts\/1387","targetHints":{"allow":["GET"]}}],"collection":[{"href":"https:\/\/civitas.ba\/projektgradjanin\/wp-json\/wp\/v2\/posts"}],"about":[{"href":"https:\/\/civitas.ba\/projektgradjanin\/wp-json\/wp\/v2\/types\/post"}],"author":[{"embeddable":true,"href":"https:\/\/civitas.ba\/projektgradjanin\/wp-json\/wp\/v2\/users\/3"}],"replies":[{"embeddable":true,"href":"https:\/\/civitas.ba\/projektgradjanin\/wp-json\/wp\/v2\/comments?post=1387"}],"version-history":[{"count":0,"href":"https:\/\/civitas.ba\/projektgradjanin\/wp-json\/wp\/v2\/posts\/1387\/revisions"}],"wp:attachment":[{"href":"https:\/\/civitas.ba\/projektgradjanin\/wp-json\/wp\/v2\/media?parent=1387"}],"wp:term":[{"taxonomy":"category","embeddable":true,"href":"https:\/\/civitas.ba\/projektgradjanin\/wp-json\/wp\/v2\/categories?post=1387"},{"taxonomy":"post_tag","embeddable":true,"href":"https:\/\/civitas.ba\/projektgradjanin\/wp-json\/wp\/v2\/tags?post=1387"}],"curies":[{"name":"wp","href":"https:\/\/api.w.org\/{rel}","templated":true}]}}